{"id":164777,"date":"2020-07-16T16:53:09","date_gmt":"2020-07-16T19:53:09","guid":{"rendered":"https:\/\/diarioregionaldigital.com.br\/?p=164777"},"modified":"2020-07-16T16:53:09","modified_gmt":"2020-07-16T19:53:09","slug":"desvio-de-rede-adutora-na-avenida-itamar-franco-ja-esta-50-finalizado","status":"publish","type":"post","link":"https:\/\/diarioregionaldigital.com.br\/?p=164777","title":{"rendered":"Desvio de rede adutora na Avenida Itamar Franco j\u00e1 est\u00e1 50% finalizado"},"content":{"rendered":"<p>A Companhia de Saneamento Municipal (Cesama) j\u00e1 executou 50% dos trabalhos do desvio da rede adutora que atravessa a Avenida Itamar Franco, na altura do Bairro Cascatinha. A empresa finaliza, agora. a concretagem da caixa onde ser\u00e1 montado o barrilete respons\u00e1vel pelo desvio. Os servi\u00e7os tiveram in\u00edcio em abril, quando foi realizada interven\u00e7\u00e3o sob o viaduto de acesso \u00e0 Cidade Alta, e a previs\u00e3o de t\u00e9rmino \u00e9 para in\u00edcio de setembro.<\/p>\n<p>Agentes da Secretaria de Transporte e Tr\u00e2nsito (Settra), da Prefeitura de Juiz de Fora (PJF), controlam a circula\u00e7\u00e3o de ve\u00edculos na via, parcialmente interditada de segunda a sexta-feira, de 7 \u00e0s 16 horas, no trecho entre a Rua Ant\u00f4nio Marinho Saraiva at\u00e9 a rotat\u00f3ria em frente ao pr\u00e9dio da Associa\u00e7\u00e3o Feminina de Preven\u00e7\u00e3o e Combate ao C\u00e2ncer de Juiz de Fora (Ascomcer). At\u00e9 o momento, o fornecimento de \u00e1gua na regi\u00e3o n\u00e3o foi afetado.<\/p>\n<p><strong>Fonte:\u00a0<\/strong>Assessoria<\/p>\n","protected":false},"excerpt":{"rendered":"<p>A Companhia de Saneamento Municipal (Cesama) j\u00e1 executou 50% dos trabalhos do desvio da rede adutora que atravessa a Avenida Itamar Franco, na altura do Bairro Cascatinha. A empresa finaliza, agora. a concretagem da caixa onde ser\u00e1 montado o barrilete respons\u00e1vel pelo desvio. Os servi\u00e7os tiveram in\u00edcio em abril, quando foi realizada interven\u00e7\u00e3o sob o [&hellip;]<\/p>\n","protected":false},"author":96,"featured_media":164778,"comment_status":"closed","ping_status":"closed","sticky":false,"template":"","format":"standard","meta":{"footnotes":""},"categories":[253,436,439],"tags":[],"class_list":["post-164777","post","type-post","status-publish","format-standard","has-post-thumbnail","hentry","category-cidade","category-destaque-da-semana","category-ultima-hora"],"_links":{"self":[{"href":"https:\/\/diarioregionaldigital.com.br\/index.php?rest_route=\/wp\/v2\/posts\/164777","targetHints":{"allow":["GET"]}}],"collection":[{"href":"https:\/\/diarioregionaldigital.com.br\/index.php?rest_route=\/wp\/v2\/posts"}],"about":[{"href":"https:\/\/diarioregionaldigital.com.br\/index.php?rest_route=\/wp\/v2\/types\/post"}],"author":[{"embeddable":true,"href":"https:\/\/diarioregionaldigital.com.br\/index.php?rest_route=\/wp\/v2\/users\/96"}],"replies":[{"embeddable":true,"href":"https:\/\/diarioregionaldigital.com.br\/index.php?rest_route=%2Fwp%2Fv2%2Fcomments&post=164777"}],"version-history":[{"count":0,"href":"https:\/\/diarioregionaldigital.com.br\/index.php?rest_route=\/wp\/v2\/posts\/164777\/revisions"}],"wp:featuredmedia":[{"embeddable":true,"href":"https:\/\/diarioregionaldigital.com.br\/index.php?rest_route=\/wp\/v2\/media\/164778"}],"wp:attachment":[{"href":"https:\/\/diarioregionaldigital.com.br\/index.php?rest_route=%2Fwp%2Fv2%2Fmedia&parent=164777"}],"wp:term":[{"taxonomy":"category","embeddable":true,"href":"https:\/\/diarioregionaldigital.com.br\/index.php?rest_route=%2Fwp%2Fv2%2Fcategories&post=164777"},{"taxonomy":"post_tag","embeddable":true,"href":"https:\/\/diarioregionaldigital.com.br\/index.php?rest_route=%2Fwp%2Fv2%2Ftags&post=164777"}],"curies":[{"name":"wp","href":"https:\/\/api.w.org\/{rel}","templated":true}]}}