{"id":164772,"date":"2020-07-16T15:50:22","date_gmt":"2020-07-16T18:50:22","guid":{"rendered":"https:\/\/diarioregionaldigital.com.br\/?p=164772"},"modified":"2020-07-16T15:50:22","modified_gmt":"2020-07-16T18:50:22","slug":"jovem-suspeito-de-cometer-roubos-em-rio-pomba-e-preso-pela-pcmg","status":"publish","type":"post","link":"https:\/\/diarioregionaldigital.com.br\/?p=164772","title":{"rendered":"Jovem suspeito de cometer roubos em Rio Pomba \u00e9 preso pela PCMG"},"content":{"rendered":"<p>Um jovem de 19 anos, foi preso ontem (15), pela Pol\u00edcia Civil de Minas Gerais (PCMG), por cometer roubos contra uma drogaria e um posto de combust\u00edvel, nos meses de abril e junho no munic\u00edpio de Rio Pomba.<\/p>\n<p><span style=\"font-weight: 400;\">A a\u00e7\u00e3o foi deflagrada, ap\u00f3s investiga\u00e7\u00f5es &#8211; realizadas pela Delegacia de Rio Pomba &#8211; que apuraram a autoria dos fatos. O Delegado Arthur de Oliveira Sim\u00f5es, respons\u00e1vel pelo caso, representou pela pris\u00e3o do investigado, pedido que foi deferido pela Justi\u00e7a, resultando no cumprimento do mandado de pris\u00e3o no munic\u00edpio.\u00a0<\/span><\/p>\n<p><span style=\"font-weight: 400;\">Durante as dilig\u00eancias, o suspeito foi conduzido at\u00e9 a unidade policial e, posteriormente, encaminhado ao sistema prisional, permanecendo \u00e0 disposi\u00e7\u00e3o da Justi\u00e7a.<\/span><\/p>\n","protected":false},"excerpt":{"rendered":"<p>Um jovem de 19 anos, foi preso ontem (15), pela Pol\u00edcia Civil de Minas Gerais (PCMG), por cometer roubos contra uma drogaria e um posto de combust\u00edvel, nos meses de abril e junho no munic\u00edpio de Rio Pomba. A a\u00e7\u00e3o foi deflagrada, ap\u00f3s investiga\u00e7\u00f5es &#8211; realizadas pela Delegacia de Rio Pomba &#8211; que apuraram a [&hellip;]<\/p>\n","protected":false},"author":96,"featured_media":163194,"comment_status":"closed","ping_status":"closed","sticky":false,"template":"","format":"standard","meta":{"footnotes":""},"categories":[301,436,439],"tags":[],"class_list":["post-164772","post","type-post","status-publish","format-standard","has-post-thumbnail","hentry","category-artigos-policiais","category-destaque-da-semana","category-ultima-hora"],"_links":{"self":[{"href":"https:\/\/diarioregionaldigital.com.br\/index.php?rest_route=\/wp\/v2\/posts\/164772","targetHints":{"allow":["GET"]}}],"collection":[{"href":"https:\/\/diarioregionaldigital.com.br\/index.php?rest_route=\/wp\/v2\/posts"}],"about":[{"href":"https:\/\/diarioregionaldigital.com.br\/index.php?rest_route=\/wp\/v2\/types\/post"}],"author":[{"embeddable":true,"href":"https:\/\/diarioregionaldigital.com.br\/index.php?rest_route=\/wp\/v2\/users\/96"}],"replies":[{"embeddable":true,"href":"https:\/\/diarioregionaldigital.com.br\/index.php?rest_route=%2Fwp%2Fv2%2Fcomments&post=164772"}],"version-history":[{"count":0,"href":"https:\/\/diarioregionaldigital.com.br\/index.php?rest_route=\/wp\/v2\/posts\/164772\/revisions"}],"wp:featuredmedia":[{"embeddable":true,"href":"https:\/\/diarioregionaldigital.com.br\/index.php?rest_route=\/wp\/v2\/media\/163194"}],"wp:attachment":[{"href":"https:\/\/diarioregionaldigital.com.br\/index.php?rest_route=%2Fwp%2Fv2%2Fmedia&parent=164772"}],"wp:term":[{"taxonomy":"category","embeddable":true,"href":"https:\/\/diarioregionaldigital.com.br\/index.php?rest_route=%2Fwp%2Fv2%2Fcategories&post=164772"},{"taxonomy":"post_tag","embeddable":true,"href":"https:\/\/diarioregionaldigital.com.br\/index.php?rest_route=%2Fwp%2Fv2%2Ftags&post=164772"}],"curies":[{"name":"wp","href":"https:\/\/api.w.org\/{rel}","templated":true}]}}