{"id":164752,"date":"2020-07-16T14:47:28","date_gmt":"2020-07-16T17:47:28","guid":{"rendered":"https:\/\/diarioregionaldigital.com.br\/?p=164752"},"modified":"2020-07-16T14:47:28","modified_gmt":"2020-07-16T17:47:28","slug":"estadio-mane-garrincha-pode-receber-torneio-amistoso-antes-do-campeonato-brasileiro","status":"publish","type":"post","link":"https:\/\/diarioregionaldigital.com.br\/?p=164752","title":{"rendered":"Est\u00e1dio Man\u00e9 Garrincha pode receber torneio amistoso antes do Campeonato Brasileiro"},"content":{"rendered":"<p><span style=\"font-weight: 400;\">O Est\u00e1dio Man\u00e9 Garrincha em Bras\u00edlia, pode receber um torneio amistoso organizado por Flamengo, Vasco, Goi\u00e1s e Atl\u00e9tico-GO, como forma de prepara\u00e7\u00e3o para o Campeonato Brasileiro. O torneio amistoso pode ser disputado entre os dias 26 de julho e 2 de agosto.<\/span><\/p>\n<p><span style=\"font-weight: 400;\">Adson Batista, presidente do Atl\u00e9tico-GO, e Marcelo Almeida, presidente do Goi\u00e1s, confirmaram que foram convidados pelo Flamengo. Os dois clubes goianos aceitaram participar da competi\u00e7\u00e3o. Entretanto, os dois times do Rio de Janeiro ainda n\u00e3o confirmaram a realiza\u00e7\u00e3o do torneio.<\/span><\/p>\n<p><span style=\"font-weight: 400;\">Caso seja confirmado, o torneio ser\u00e1 disputado com port\u00f5es fechados, seguindo normas de seguran\u00e7a de combate ao Coronav\u00edrus. Se o Man\u00e9 Garrincha n\u00e3o for liberado, outra op\u00e7\u00e3o \u00e9 o Bezerr\u00e3o, no Gama, que recebeu a Copa do Mundo sub-17 no ano passado.\u00a0<\/span><\/p>\n<p><span style=\"font-weight: 400;\">Como anunciado previamente, o Campeonato Brasileiro come\u00e7ar\u00e1 com a S\u00e9rie B nos dias 7 e 8 de agosto e a S\u00e9rie A no dia 9 do mesmo m\u00eas. A S\u00e9rie C tamb\u00e9m come\u00e7ar\u00e1 junto \u00e0s outras, com a primeira data prevista para 8 de agosto. A competi\u00e7\u00e3o ter\u00e1 novo formato e ser\u00e1 disputada de 9\/8 a 31 de janeiro. Por \u00faltimo, a S\u00e9rie D ser\u00e1 a \u00fanica a retornar em setembro, nos dias 5 e 6, com a fase preliminar. As finais est\u00e3o marcadas para 31 de janeiro e 7 de fevereiro.<\/span><\/p>\n","protected":false},"excerpt":{"rendered":"<p>O Est\u00e1dio Man\u00e9 Garrincha em Bras\u00edlia, pode receber um torneio amistoso organizado por Flamengo, Vasco, Goi\u00e1s e Atl\u00e9tico-GO, como forma de prepara\u00e7\u00e3o para o Campeonato Brasileiro. O torneio amistoso pode ser disputado entre os dias 26 de julho e 2 de agosto. Adson Batista, presidente do Atl\u00e9tico-GO, e Marcelo Almeida, presidente do Goi\u00e1s, confirmaram que [&hellip;]<\/p>\n","protected":false},"author":96,"featured_media":164753,"comment_status":"closed","ping_status":"closed","sticky":false,"template":"","format":"standard","meta":{"footnotes":""},"categories":[436,257,439],"tags":[],"class_list":["post-164752","post","type-post","status-publish","format-standard","has-post-thumbnail","hentry","category-destaque-da-semana","category-esporte","category-ultima-hora"],"_links":{"self":[{"href":"https:\/\/diarioregionaldigital.com.br\/index.php?rest_route=\/wp\/v2\/posts\/164752","targetHints":{"allow":["GET"]}}],"collection":[{"href":"https:\/\/diarioregionaldigital.com.br\/index.php?rest_route=\/wp\/v2\/posts"}],"about":[{"href":"https:\/\/diarioregionaldigital.com.br\/index.php?rest_route=\/wp\/v2\/types\/post"}],"author":[{"embeddable":true,"href":"https:\/\/diarioregionaldigital.com.br\/index.php?rest_route=\/wp\/v2\/users\/96"}],"replies":[{"embeddable":true,"href":"https:\/\/diarioregionaldigital.com.br\/index.php?rest_route=%2Fwp%2Fv2%2Fcomments&post=164752"}],"version-history":[{"count":0,"href":"https:\/\/diarioregionaldigital.com.br\/index.php?rest_route=\/wp\/v2\/posts\/164752\/revisions"}],"wp:featuredmedia":[{"embeddable":true,"href":"https:\/\/diarioregionaldigital.com.br\/index.php?rest_route=\/wp\/v2\/media\/164753"}],"wp:attachment":[{"href":"https:\/\/diarioregionaldigital.com.br\/index.php?rest_route=%2Fwp%2Fv2%2Fmedia&parent=164752"}],"wp:term":[{"taxonomy":"category","embeddable":true,"href":"https:\/\/diarioregionaldigital.com.br\/index.php?rest_route=%2Fwp%2Fv2%2Fcategories&post=164752"},{"taxonomy":"post_tag","embeddable":true,"href":"https:\/\/diarioregionaldigital.com.br\/index.php?rest_route=%2Fwp%2Fv2%2Ftags&post=164752"}],"curies":[{"name":"wp","href":"https:\/\/api.w.org\/{rel}","templated":true}]}}