{"id":164749,"date":"2020-07-16T13:16:03","date_gmt":"2020-07-16T16:16:03","guid":{"rendered":"https:\/\/diarioregionaldigital.com.br\/?p=164749"},"modified":"2020-07-16T13:16:03","modified_gmt":"2020-07-16T16:16:03","slug":"jogos-olimpicos-da-juventude-de-dakar-sao-adiados-de-2022-para-2026","status":"publish","type":"post","link":"https:\/\/diarioregionaldigital.com.br\/?p=164749","title":{"rendered":"Jogos Ol\u00edmpicos da Juventude de Dakar s\u00e3o adiados de 2022 para 2026"},"content":{"rendered":"<p>O Comit\u00ea Ol\u00edmpico Internacional (COI) anunciou na quarta-feira (15), o adiamento dos Jogos Ol\u00edmpicos da Juventude de Dakar, no Senegal, de 2022 para 2026. A proposta feita pelo presidente do pa\u00eds africano, Macky Sall, foi bem recebida pelo presidente do COI Thomas Bach, ap\u00f3s longas discuss\u00f5es sobre o assunto.<\/p>\n<p>\u201cGostaria de expressar meus sinceros agradecimentos ao Presidente Macky Sall, um grande amigo e defensor do Movimento Ol\u00edmpico. Tenho certeza de que juntos organizaremos fant\u00e1sticos Jogos Ol\u00edmpicos da Juventude para todos os jovens atletas do mundo\u201d, disse o presidente do COI, Thomas Bach.<\/p>\n<p>O adiamento de Dakar 2022 permite que o COI, os Comit\u00eas Ol\u00edmpicos Nacionais e as Federa\u00e7\u00f5es Internacionais planejem melhor suas atividades, que foram fortemente afetadas pelo adiamento dos Jogos Ol\u00edmpicos de T\u00f3quio 2020, pelos adiamentos subsequentes de grandes eventos esportivos internacionais e pelas consequ\u00eancias operacionais e financeiras da crise global da sa\u00fade.<\/p>\n<p>Ao mesmo tempo, permite que Senegal continue com os preparativos para os Jogos Ol\u00edmpicos da Juventude. Os dois l\u00edderes, que elogiaram o progresso alcan\u00e7ado at\u00e9 o momento, renovaram sua confian\u00e7a em conjunto no Presidente de Dakar 2022, Mamadou Diagna Ndiaye, membro do COI no Senegal, e ambos continuam totalmente comprometidos com o grande sucesso desses Jogos Ol\u00edmpicos da Juventude, o primeiro evento ol\u00edmpico de todos os tempos. a ser organizado na \u00c1frica.<\/p>\n<p>\u201cGostaria de reiterar que o COI tem todo o meu apoio \u00e0 organiza\u00e7\u00e3o dos Jogos Ol\u00edmpicos da Juventude, adiados para 2026. Aproveito para reafirmar o compromisso de fazer do Dakar 2026, o primeiro evento ol\u00edmpico da \u00c1frica, uma ocasi\u00e3o memor\u00e1vel e bem-sucedida\u201d, concluiu, assim, o presidente do Senegal.<\/p>\n<p>O COI pediu compreens\u00e3o da comunidade esportiva e se comprometeu\u00a0 manter os programas de apoio relacionados aos Jogos Ol\u00edmpicos da Juventude.\u00a0 O acordo foi aprovado hoje pelo Conselho Executivo do COI e ser\u00e1 submetido \u00e0 sess\u00e3o do COI para ratifica\u00e7\u00e3o nesta sexta-feira, 17 de julho de 2020.<\/p>\n<p><strong>Fonte:\u00a0<\/strong>COB<\/p>\n","protected":false},"excerpt":{"rendered":"<p>O Comit\u00ea Ol\u00edmpico Internacional (COI) anunciou na quarta-feira (15), o adiamento dos Jogos Ol\u00edmpicos da Juventude de Dakar, no Senegal, de 2022 para 2026. A proposta feita pelo presidente do pa\u00eds africano, Macky Sall, foi bem recebida pelo presidente do COI Thomas Bach, ap\u00f3s longas discuss\u00f5es sobre o assunto. \u201cGostaria de expressar meus sinceros agradecimentos [&hellip;]<\/p>\n","protected":false},"author":96,"featured_media":164750,"comment_status":"closed","ping_status":"closed","sticky":false,"template":"","format":"standard","meta":{"footnotes":""},"categories":[436,257,439],"tags":[],"class_list":["post-164749","post","type-post","status-publish","format-standard","has-post-thumbnail","hentry","category-destaque-da-semana","category-esporte","category-ultima-hora"],"_links":{"self":[{"href":"https:\/\/diarioregionaldigital.com.br\/index.php?rest_route=\/wp\/v2\/posts\/164749","targetHints":{"allow":["GET"]}}],"collection":[{"href":"https:\/\/diarioregionaldigital.com.br\/index.php?rest_route=\/wp\/v2\/posts"}],"about":[{"href":"https:\/\/diarioregionaldigital.com.br\/index.php?rest_route=\/wp\/v2\/types\/post"}],"author":[{"embeddable":true,"href":"https:\/\/diarioregionaldigital.com.br\/index.php?rest_route=\/wp\/v2\/users\/96"}],"replies":[{"embeddable":true,"href":"https:\/\/diarioregionaldigital.com.br\/index.php?rest_route=%2Fwp%2Fv2%2Fcomments&post=164749"}],"version-history":[{"count":0,"href":"https:\/\/diarioregionaldigital.com.br\/index.php?rest_route=\/wp\/v2\/posts\/164749\/revisions"}],"wp:featuredmedia":[{"embeddable":true,"href":"https:\/\/diarioregionaldigital.com.br\/index.php?rest_route=\/wp\/v2\/media\/164750"}],"wp:attachment":[{"href":"https:\/\/diarioregionaldigital.com.br\/index.php?rest_route=%2Fwp%2Fv2%2Fmedia&parent=164749"}],"wp:term":[{"taxonomy":"category","embeddable":true,"href":"https:\/\/diarioregionaldigital.com.br\/index.php?rest_route=%2Fwp%2Fv2%2Fcategories&post=164749"},{"taxonomy":"post_tag","embeddable":true,"href":"https:\/\/diarioregionaldigital.com.br\/index.php?rest_route=%2Fwp%2Fv2%2Ftags&post=164749"}],"curies":[{"name":"wp","href":"https:\/\/api.w.org\/{rel}","templated":true}]}}