{"id":164743,"date":"2020-07-16T12:51:07","date_gmt":"2020-07-16T15:51:07","guid":{"rendered":"https:\/\/diarioregionaldigital.com.br\/?p=164743"},"modified":"2020-07-16T12:51:07","modified_gmt":"2020-07-16T15:51:07","slug":"governo-de-minas-lanca-consulta-publica-sobre-o-plano-minas-consciente-a-partir-desta-quinta-feira","status":"publish","type":"post","link":"https:\/\/diarioregionaldigital.com.br\/?p=164743","title":{"rendered":"Governo de Minas lan\u00e7a consulta p\u00fablica sobre o plano Minas Consciente a partir desta quinta-feira"},"content":{"rendered":"<p>O Governo de Minas abre, a partir desta quinta-feira (16\/7), uma consulta p\u00fablica sobre o plano Minas Consciente, que prev\u00ea a retomada gradual e segura da economia no estado durante a pandemia do coronav\u00edrus, sempre colocando a sa\u00fade dos mineiros em primeiro lugar.<\/p>\n<p>O objetivo \u00e9 que a popula\u00e7\u00e3o contribua e envie sugest\u00f5es de aprimoramento para o programa, que passar\u00e1 por altera\u00e7\u00f5es para se adaptar ao novo momento da curva de contamina\u00e7\u00e3o. Nos pr\u00f3ximos dias, Minas deve atingir o chamado plat\u00f4, quando o n\u00famero de casos e \u00f3bitos se estabiliza.<\/p>\n<p>O governador Romeu Zema ressaltou que o objetivo \u00e9 ouvir a popula\u00e7\u00e3o e os prefeitos para adaptar o plano \u00e0s necessidades dos mineiros e \u00e0 realidade de cada regi\u00e3o.<\/p>\n<p>\u201cQueremos escutar os munic\u00edpios, as pessoas, sobre como aprimorar o Minas Consciente para essa nova fase. A contribui\u00e7\u00e3o de todos \u00e9 importante! A consulta ficara dispon\u00edvel uma semana. Todos poder\u00e3o participar\u201d, disse.<\/p>\n<p>Os interessados podem enviar as sugest\u00f5es at\u00e9 a pr\u00f3xima quarta-feira (22\/7), pelo site\u00a0<a href=\"http:\/\/www.consultapublica.mg.gov.br\/\">www.consultapublica.mg.gov.br<\/a>.<\/p>\n<p><strong>Cuidados<\/strong><\/p>\n<p>Zema tamb\u00e9m lembrou que, embora os n\u00fameros devam se manter constantes nas pr\u00f3ximas semanas, a batalha est\u00e1 longe do fim e todos os cuidados precisam ser mantidos para que n\u00e3o haja sobrecarga no sistema de Sa\u00fade em Minas Gerais.<\/p>\n<p>\u201cPe\u00e7o a todos que continuem colaborando: usem m\u00e1scara, mantenham o distanciamento e saiam s\u00f3 quando for necess\u00e1rio. Estamos fazendo um bom trabalho e esse n\u00e3o \u00e9 o momento de descuidar. Pelo contr\u00e1rio: quanto mais cuidado tivermos agora, mais r\u00e1pido venceremos a doen\u00e7a em nosso estado \u201d, afirmou.<\/p>\n<p><strong>Avan\u00e7o<\/strong><\/p>\n<p>A abertura da consulta p\u00fablica foi definida na quarta-feira (15\/7), durante a reuni\u00e3o semanal do Comit\u00ea Extraordin\u00e1rio Covid-19, que contou com a presen\u00e7a do presidente da Associa\u00e7\u00e3o Mineira de Munic\u00edpios, Julvan Lacerda.<\/p>\n<p>No encontro, tamb\u00e9m foram autorizados alguns avan\u00e7os nas ondas do plano Minas Consciente.<\/p>\n<p>Ap\u00f3s apresentarem melhora em alguns \u00edndices, como taxa de ocupa\u00e7\u00e3o de leitos, as regi\u00f5es\u00a0<a href=\"http:\/\/www.agenciaminas.mg.gov.br\/ckeditor_assets\/attachments\/8143\/08_-_regional_norte.pdf\" target=\"_blank\" rel=\"noopener noreferrer\">Norte<\/a>\u00a0e\u00a0<a href=\"http:\/\/www.agenciaminas.mg.gov.br\/ckeditor_assets\/attachments\/8146\/11_-_regional_sul.pdf\" target=\"_blank\" rel=\"noopener noreferrer\">Sul<\/a>\u00a0avan\u00e7am para a onda amarela do plano, que prev\u00ea a libera\u00e7\u00e3o de mais atividades econ\u00f4micas. Poder\u00e3o reabrir sal\u00f5es de beleza, lojas de roupas, cal\u00e7ados, livrarias, papelarias, entre outros servi\u00e7os.<\/p>\n<p>J\u00e1 as regi\u00f5es\u00a0<a href=\"http:\/\/www.agenciaminas.mg.gov.br\/ckeditor_assets\/attachments\/8142\/07_-_regional_noroeste.pdf\" target=\"_blank\" rel=\"noopener noreferrer\">Noroeste<\/a>\u00a0e\u00a0<a href=\"http:\/\/www.agenciaminas.mg.gov.br\/ckeditor_assets\/attachments\/8145\/10_-_regional_sudeste.pdf\" target=\"_blank\" rel=\"noopener noreferrer\">Sudeste<\/a>\u00a0poder\u00e3o avan\u00e7ar para a onda branca, se juntando \u00e0s macrorregi\u00f5es\u00a0<a href=\"http:\/\/www.agenciaminas.mg.gov.br\/ckeditor_assets\/attachments\/8137\/02_-_regional_centro_sul.pdf\" target=\"_blank\" rel=\"noopener noreferrer\">Centro-Sul<\/a>\u00a0e\u00a0<a href=\"http:\/\/www.agenciaminas.mg.gov.br\/ckeditor_assets\/attachments\/8140\/05_-_regional_leste_do_sul.pdf\" target=\"_blank\" rel=\"noopener noreferrer\">Leste do Sul<\/a>. Assim, ser\u00e1 permitida a abertura de autoescolas, lojas de artigos esportivos e floriculturas.<\/p>\n<p>Todas as outras regi\u00f5es do estado est\u00e3o mantidas na onda verde do plano. A orienta\u00e7\u00e3o \u00e9 para que que essas localidades mantenham abertos somente servi\u00e7os essenciais, como padarias, farm\u00e1cias e supermercados.<\/p>\n<p><strong>Ades\u00e3o<\/strong><\/p>\n<p>At\u00e9 o dia 15 de julho, 199 prefeituras j\u00e1 tinham oficializado a ades\u00e3o ao Minas Consciente, impactando mais de 4,1 milh\u00f5es de mineiros\u00a0(<a href=\"http:\/\/www.agenciaminas.mg.gov.br\/ckeditor_assets\/attachments\/8827\/cta_-_municipios_que_aderiram_ao_minas_consciente_v39.pdf\" target=\"_blank\" rel=\"noopener noreferrer\">clique aqui<\/a>\u00a0para conferir a lista de munic\u00edpios que aderiram).<\/p>\n<p><strong>Plataforma digital do Minas Consciente<\/strong><\/p>\n<p>A partir desta quinta-feira, todas as informa\u00e7\u00f5es sobre o Plano Minas Consciente podem ser acompanhadas em tempo real. A ferramenta, alimentada pelas equipes das secretarias de Estado de\u00a0Desenvolvimento Econ\u00f4mico (Sede)\u00a0e da\u00a0Sa\u00fade (SES), surge com objetivo de dar transpar\u00eancia aos dados e simplificar o entendimento da popula\u00e7\u00e3o quanto ao desenvolvimento da retomada gradual do com\u00e9rcio, servi\u00e7os e outros setores em Minas Gerais.<\/p>\n<p>Por meio de cliques, \u00e9 poss\u00edvel acompanhar os munic\u00edpios que aderiram ao plano e identificar as macrorregi\u00f5es de Sa\u00fade por ondas do Minas Consciente, de acordo com os protocolos previstos para cada onda.<\/p>\n<p>A plataforma digital oferece informa\u00e7\u00f5es sobre a popula\u00e7\u00e3o total impactada pelo Minas Consciente. Os dados s\u00e3o distribu\u00eddos por habitantes impactados, como porcentagem da popula\u00e7\u00e3o por cada macrorregi\u00e3o, al\u00e9m do mapa do estado com os munic\u00edpios que aderiram ao plano por n\u00famero de habitantes. A ferramenta tamb\u00e9m d\u00e1 luz aos dados econ\u00f4micos do estado, detalhado pelo PIB de cada munic\u00edpio.<\/p>\n<p><strong>Ondas<\/strong><\/p>\n<p>O plano Minas Consciente setoriza as atividades econ\u00f4micas em quatro \u201condas\u201d (onda verde \u2013 servi\u00e7os essenciais; onda branca \u2013 primeira fase; onda amarela \u2013 segunda fase; onda vermelha \u2013 terceira fase), a serem liberadas para funcionamento de forma progressiva, conforme indicadores de capacidade assistencial e de propaga\u00e7\u00e3o da doen\u00e7a.<\/p>\n<p>As mudan\u00e7as de ondas s\u00e3o avaliadas semanalmente pelo Comit\u00ea Extraordin\u00e1rio Covid-19. Al\u00e9m do governador e de todo o secretariado do Executivo mineiro, o grupo, criado especialmente para monitorar o avan\u00e7o da epidemia no estado, conta com representantes do Minist\u00e9rio P\u00fablico do Trabalho, do Minist\u00e9rio P\u00fablico de Minas Gerais, da Defensoria P\u00fablica, do Tribunal de Contas do Estado, entre outros \u00f3rg\u00e3os estrat\u00e9gicos.<\/p>\n<p>O plano tem objetivo de orientar as prefeituras. Fica a crit\u00e9rio de cada prefeito aderir e seguir os protocolos em seu munic\u00edpio. Os empres\u00e1rios que desejam reativar seus estabelecimentos devem consultar se a prefeitura local aderiu ao plano e seguir as orienta\u00e7\u00f5es da\u00a0<a href=\"http:\/\/saude.mg.gov.br\/\" target=\"_blank\" rel=\"noopener noreferrer\">Secretaria de Estado de Sa\u00fade (SES-MG)<\/a>.<\/p>\n<p><strong>Fonte:\u00a0<\/strong>Ag\u00eancia Minas<\/p>\n<p>&nbsp;<\/p>\n","protected":false},"excerpt":{"rendered":"<p>O Governo de Minas abre, a partir desta quinta-feira (16\/7), uma consulta p\u00fablica sobre o plano Minas Consciente, que prev\u00ea a retomada gradual e segura da economia no estado durante a pandemia do coronav\u00edrus, sempre colocando a sa\u00fade dos mineiros em primeiro lugar. O objetivo \u00e9 que a popula\u00e7\u00e3o contribua e envie sugest\u00f5es de aprimoramento [&hellip;]<\/p>\n","protected":false},"author":96,"featured_media":164744,"comment_status":"closed","ping_status":"closed","sticky":false,"template":"","format":"standard","meta":{"footnotes":""},"categories":[436,252,439],"tags":[],"class_list":["post-164743","post","type-post","status-publish","format-standard","has-post-thumbnail","hentry","category-destaque-da-semana","category-regiao","category-ultima-hora"],"_links":{"self":[{"href":"https:\/\/diarioregionaldigital.com.br\/index.php?rest_route=\/wp\/v2\/posts\/164743","targetHints":{"allow":["GET"]}}],"collection":[{"href":"https:\/\/diarioregionaldigital.com.br\/index.php?rest_route=\/wp\/v2\/posts"}],"about":[{"href":"https:\/\/diarioregionaldigital.com.br\/index.php?rest_route=\/wp\/v2\/types\/post"}],"author":[{"embeddable":true,"href":"https:\/\/diarioregionaldigital.com.br\/index.php?rest_route=\/wp\/v2\/users\/96"}],"replies":[{"embeddable":true,"href":"https:\/\/diarioregionaldigital.com.br\/index.php?rest_route=%2Fwp%2Fv2%2Fcomments&post=164743"}],"version-history":[{"count":0,"href":"https:\/\/diarioregionaldigital.com.br\/index.php?rest_route=\/wp\/v2\/posts\/164743\/revisions"}],"wp:featuredmedia":[{"embeddable":true,"href":"https:\/\/diarioregionaldigital.com.br\/index.php?rest_route=\/wp\/v2\/media\/164744"}],"wp:attachment":[{"href":"https:\/\/diarioregionaldigital.com.br\/index.php?rest_route=%2Fwp%2Fv2%2Fmedia&parent=164743"}],"wp:term":[{"taxonomy":"category","embeddable":true,"href":"https:\/\/diarioregionaldigital.com.br\/index.php?rest_route=%2Fwp%2Fv2%2Fcategories&post=164743"},{"taxonomy":"post_tag","embeddable":true,"href":"https:\/\/diarioregionaldigital.com.br\/index.php?rest_route=%2Fwp%2Fv2%2Ftags&post=164743"}],"curies":[{"name":"wp","href":"https:\/\/api.w.org\/{rel}","templated":true}]}}