{"id":164740,"date":"2020-07-16T12:45:49","date_gmt":"2020-07-16T15:45:49","guid":{"rendered":"https:\/\/diarioregionaldigital.com.br\/?p=164740"},"modified":"2020-07-16T12:46:36","modified_gmt":"2020-07-16T15:46:36","slug":"paulo-guedes-testa-negativo-para-covid-19-informa-ministerio","status":"publish","type":"post","link":"https:\/\/diarioregionaldigital.com.br\/?p=164740","title":{"rendered":"Paulo Guedes testa negativo para covid-19, informa minist\u00e9rio"},"content":{"rendered":"<p>O ministro da Economia, Paulo Guedes, fez dois testes para detectar o novo coronav\u00edrus e os resultados foram negativos, informou hoje (16), em Bras\u00edlia, o Minist\u00e9rio da Economia.<img decoding=\"async\" src=\"https:\/\/agenciabrasil.ebc.com.br\/ebc.png?id=1311663&amp;o=node\" \/><\/p>\n<p>\u201cO Minist\u00e9rio da Economia informa que o exame para a covid-19 do ministro Paulo Guedes teve resultado negativo. Esse foi o segundo teste feito pelo ministro em menos de duas semanas para a confirma\u00e7\u00e3o do resultado ap\u00f3s reuni\u00f5es com pessoas que testaram positivo para a doen\u00e7a\u201d, diz nota do minist\u00e9rio.<\/p>\n<p>Os testes do ministro foram feitos depois do resultado positivo para covid-19 do presidente Jair Bolsonaro. Ontem, Bolsonaro afirmou, em uma transmiss\u00e3o nas redes sociais, que realizou um novo exame para covid-19 e o resultado se manteve positivo.<\/p>\n<p>O presidente est\u00e1 se tratando desde o \u00faltimo dia 7 de julho, quando teve a confirma\u00e7\u00e3o da doen\u00e7a. Ele segue em isolamento no Pal\u00e1cio da Alvorada, resid\u00eancia oficial, onde tem se reunido com ministros por videoconfer\u00eancia.<\/p>\n<p><strong>Fonte:<\/strong> Ag\u00eancia Brasil<\/p>\n","protected":false},"excerpt":{"rendered":"<p>O ministro da Economia, Paulo Guedes, fez dois testes para detectar o novo coronav\u00edrus e os resultados foram negativos, informou hoje (16), em Bras\u00edlia, o Minist\u00e9rio da Economia. \u201cO Minist\u00e9rio da Economia informa que o exame para a covid-19 do ministro Paulo Guedes teve resultado negativo. Esse foi o segundo teste feito pelo ministro em [&hellip;]<\/p>\n","protected":false},"author":96,"featured_media":164741,"comment_status":"closed","ping_status":"closed","sticky":false,"template":"","format":"standard","meta":{"footnotes":""},"categories":[302,436,439],"tags":[],"class_list":["post-164740","post","type-post","status-publish","format-standard","has-post-thumbnail","hentry","category-brasil-mundo","category-destaque-da-semana","category-ultima-hora"],"_links":{"self":[{"href":"https:\/\/diarioregionaldigital.com.br\/index.php?rest_route=\/wp\/v2\/posts\/164740","targetHints":{"allow":["GET"]}}],"collection":[{"href":"https:\/\/diarioregionaldigital.com.br\/index.php?rest_route=\/wp\/v2\/posts"}],"about":[{"href":"https:\/\/diarioregionaldigital.com.br\/index.php?rest_route=\/wp\/v2\/types\/post"}],"author":[{"embeddable":true,"href":"https:\/\/diarioregionaldigital.com.br\/index.php?rest_route=\/wp\/v2\/users\/96"}],"replies":[{"embeddable":true,"href":"https:\/\/diarioregionaldigital.com.br\/index.php?rest_route=%2Fwp%2Fv2%2Fcomments&post=164740"}],"version-history":[{"count":0,"href":"https:\/\/diarioregionaldigital.com.br\/index.php?rest_route=\/wp\/v2\/posts\/164740\/revisions"}],"wp:featuredmedia":[{"embeddable":true,"href":"https:\/\/diarioregionaldigital.com.br\/index.php?rest_route=\/wp\/v2\/media\/164741"}],"wp:attachment":[{"href":"https:\/\/diarioregionaldigital.com.br\/index.php?rest_route=%2Fwp%2Fv2%2Fmedia&parent=164740"}],"wp:term":[{"taxonomy":"category","embeddable":true,"href":"https:\/\/diarioregionaldigital.com.br\/index.php?rest_route=%2Fwp%2Fv2%2Fcategories&post=164740"},{"taxonomy":"post_tag","embeddable":true,"href":"https:\/\/diarioregionaldigital.com.br\/index.php?rest_route=%2Fwp%2Fv2%2Ftags&post=164740"}],"curies":[{"name":"wp","href":"https:\/\/api.w.org\/{rel}","templated":true}]}}