{"id":164737,"date":"2020-07-16T12:39:46","date_gmt":"2020-07-16T15:39:46","guid":{"rendered":"https:\/\/diarioregionaldigital.com.br\/?p=164737"},"modified":"2020-07-16T12:39:46","modified_gmt":"2020-07-16T15:39:46","slug":"juiz-de-fora-avanca-para-a-onda-branca-do-programa-minas-consciente","status":"publish","type":"post","link":"https:\/\/diarioregionaldigital.com.br\/?p=164737","title":{"rendered":"Juiz de Fora avan\u00e7a para a Onda Branca do Programa Minas Consciente"},"content":{"rendered":"<p><span style=\"font-weight: 400;\">O\u00a0 secret\u00e1rio estadual de Sa\u00fade de Minas Gerais, Carlos Eduardo Amaral, anunciou o avan\u00e7o do munic\u00edpio de Juiz de Fora para a Onda Branca do Programa Minas Consciente. A mudan\u00e7a j\u00e1 foi publicada no Di\u00e1rio Oficial do Governo de Minas Gerais e a nova medida com restri\u00e7\u00f5es, estar\u00e1 em vigor a partir deste s\u00e1bado (18), no entanto a medida ainda pode ser revista pelo presidente do Comit\u00ea Extraordin\u00e1rio Covid-19.<\/span><\/p>\n<p><span style=\"font-weight: 400;\">O an\u00fancio foi feito pelo pr\u00f3prio secret\u00e1rio, atrav\u00e9s de um v\u00eddeo publicado na noite de quarta-feira (15), no qual ele diz que a decis\u00e3o foi tomada, ap\u00f3s uma reuni\u00e3o que abordou sobre a reavalia\u00e7\u00e3o do Minas Consciente, onde foi avaliado que a macrorregi\u00e3o Sudeste se esfor\u00e7ou no trabalho do isolamento social:<\/span><\/p>\n<p><span style=\"font-weight: 400;\">\u201cIdentificamos que a regi\u00e3o Sudeste poder\u00e1 progredir para a Onda Branca. Eu gostaria de enfatizar o esfor\u00e7o que todos fizeram, com o isolamento adequado e com a redu\u00e7\u00e3o dos \u00edndices. Eu pe\u00e7o novamente que mesmo progredindo na Onda Branca, mantenhamos o isolamento adequado, o m\u00e1ximo uso de m\u00e1scaras e distanciamento\u201d.<\/span><\/p>\n<p><span style=\"font-weight: 400;\">Al\u00e9m disso, outros 93 munic\u00edpios <\/span><span style=\"font-weight: 400;\">que comp\u00f5e a macrorregi\u00e3o de Sa\u00fade Sudeste poder\u00e3o avan\u00e7ar para a onda branca. <\/span><span style=\"font-weight: 400;\">A chamada Onda Branca, abrange atividades de baixo risco, dentre elas est\u00e3o: antiguidades e objetos de arte; artigos esportivos e jogos eletr\u00f4nicos; produtos agr\u00edcolas, plantas e floriculturas; m\u00f3veis, tecidos e afins; centros de forma\u00e7\u00e3o de condutores; atividades jur\u00eddicas; atividades de contabilidade, consultoria e auditoria cont\u00e1bil e tribut\u00e1ria; atividades de consultoria em gest\u00e3o empresarial e servi\u00e7os de escrit\u00f3rio e apoio administrativo.<\/span><\/p>\n<p><span style=\"font-weight: 400;\">Al\u00e9m de Juiz de Fora, outros 52 munic\u00edpios aderiram ao Minas Consciente: Al\u00e9m Para\u00edba, Andrel\u00e2ndia, Arantina, Argirita, Astolfo Dultra, Belmiro Braga, Bicas, Bocaina de Minas, Bom Jardim de Minas, Br\u00e1s Pires, Capara\u00f3, Cataguases, Chiador, Coronel Pacheco, Descoberto, Divin\u00e9sia, Dona Eus\u00e9bia, Erv\u00e1lia, Estrela Dalva, Guarani, Guidoval, Guiricema, Itamarati de Minas, Laranjal, Leopoldina, Marip\u00e1 de Minas, Matias Barbosa, Muria\u00e9, Olaria, Oriz\u00e2nia, Palma, Pedra Bonita, Pequeri, Piau, Pirapetinga, Pira\u00faba, Recreio, Rio Novo, Rio Pomba, Rochedo de Minas, Ros\u00e1rio de Limeira, Santa Rita de Jacutinga, Santana de Cataguases, Santo Ant\u00f4nio do Aventureiro, Santos Dumont, S\u00e3o Geraldo, S\u00e3o Jo\u00e3o Nepomuceno, Silveir\u00e2nia, Tabuleiro, Tocantins, Visconde do Rio Branco e Ub\u00e1.<\/span><\/p>\n<p><b>Programa Minas Consciente<\/b><\/p>\n<p><span style=\"font-weight: 400;\">O programa Minas Consciente, entrou em vigor no dia 30 de abril, cujo objetivo \u00e9 setorizar as atividades econ\u00f4micas em quatro \u201condas\u201d (onda verde \u2013 servi\u00e7os essenciais; onda branca \u2013 baixo risco; onda amarela \u2013 m\u00e9dio risco; onda vermelha \u2013 alto risco), a serem liberadas para funcionamento de forma progressiva, conforme indicadores de capacidade assistencial e de propaga\u00e7\u00e3o da doen\u00e7a.<\/span><\/p>\n","protected":false},"excerpt":{"rendered":"<p>O\u00a0 secret\u00e1rio estadual de Sa\u00fade de Minas Gerais, Carlos Eduardo Amaral, anunciou o avan\u00e7o do munic\u00edpio de Juiz de Fora para a Onda Branca do Programa Minas Consciente. A mudan\u00e7a j\u00e1 foi publicada no Di\u00e1rio Oficial do Governo de Minas Gerais e a nova medida com restri\u00e7\u00f5es, estar\u00e1 em vigor a partir deste s\u00e1bado (18), [&hellip;]<\/p>\n","protected":false},"author":96,"featured_media":164738,"comment_status":"closed","ping_status":"closed","sticky":false,"template":"","format":"standard","meta":{"footnotes":""},"categories":[253,436,440,439],"tags":[],"class_list":["post-164737","post","type-post","status-publish","format-standard","has-post-thumbnail","hentry","category-cidade","category-destaque-da-semana","category-destaques-do-dia","category-ultima-hora"],"_links":{"self":[{"href":"https:\/\/diarioregionaldigital.com.br\/index.php?rest_route=\/wp\/v2\/posts\/164737","targetHints":{"allow":["GET"]}}],"collection":[{"href":"https:\/\/diarioregionaldigital.com.br\/index.php?rest_route=\/wp\/v2\/posts"}],"about":[{"href":"https:\/\/diarioregionaldigital.com.br\/index.php?rest_route=\/wp\/v2\/types\/post"}],"author":[{"embeddable":true,"href":"https:\/\/diarioregionaldigital.com.br\/index.php?rest_route=\/wp\/v2\/users\/96"}],"replies":[{"embeddable":true,"href":"https:\/\/diarioregionaldigital.com.br\/index.php?rest_route=%2Fwp%2Fv2%2Fcomments&post=164737"}],"version-history":[{"count":0,"href":"https:\/\/diarioregionaldigital.com.br\/index.php?rest_route=\/wp\/v2\/posts\/164737\/revisions"}],"wp:featuredmedia":[{"embeddable":true,"href":"https:\/\/diarioregionaldigital.com.br\/index.php?rest_route=\/wp\/v2\/media\/164738"}],"wp:attachment":[{"href":"https:\/\/diarioregionaldigital.com.br\/index.php?rest_route=%2Fwp%2Fv2%2Fmedia&parent=164737"}],"wp:term":[{"taxonomy":"category","embeddable":true,"href":"https:\/\/diarioregionaldigital.com.br\/index.php?rest_route=%2Fwp%2Fv2%2Fcategories&post=164737"},{"taxonomy":"post_tag","embeddable":true,"href":"https:\/\/diarioregionaldigital.com.br\/index.php?rest_route=%2Fwp%2Fv2%2Ftags&post=164737"}],"curies":[{"name":"wp","href":"https:\/\/api.w.org\/{rel}","templated":true}]}}