{"id":164735,"date":"2020-07-16T11:35:47","date_gmt":"2020-07-16T14:35:47","guid":{"rendered":"https:\/\/diarioregionaldigital.com.br\/?p=164735"},"modified":"2020-07-16T11:35:47","modified_gmt":"2020-07-16T14:35:47","slug":"adolescente-e-encaminhado-ao-hps-apos-ser-atingido-por-disparo-de-arma-de-fogo-na-vila-olavo-costa","status":"publish","type":"post","link":"https:\/\/diarioregionaldigital.com.br\/?p=164735","title":{"rendered":"Adolescente \u00e9 encaminhado ao HPS, ap\u00f3s ser atingido por disparo de arma de fogo na Vila Olavo Costa"},"content":{"rendered":"<p>Um adolescente de 16 anos, foi abordado por tr\u00eas indiv\u00edduos na Rua Jacinto Marcelino, no Bairro Vila Olavo Costa (Regi\u00e3o Leste), quando um deles efetuou disparos de arma de fogo contra a v\u00edtima. Ap\u00f3s o ato, os suspeitos fugiram do local e o adolescente foi encaminhado para o Hospital Pronto Socorro (HPS), com ferimento na regi\u00e3o do abd\u00f4men. Durante relatos \u00e0 Pol\u00edcia Militar (PM), a v\u00edtima reconheceu o autor dos disparos e que o irm\u00e3o teria ajudado na fuga.<\/p>\n<p>Durante rastreamento um dos autores foi localizado e durante buscas na casa da v\u00edtima, os policiais localizaram um rev\u00f3lver e 17 muni\u00e7\u00f5es calibre 32, em cima da cama do irm\u00e3o da v\u00edtima. Diante dos fatos, um jovem de 18 anos foi preso por tentativa de homic\u00eddio e um infrator de 19 anos foi preso por porte ilegal de arma de fogo. O outro suspeito n\u00e3o foi localizado.<\/p>\n","protected":false},"excerpt":{"rendered":"<p>Um adolescente de 16 anos, foi abordado por tr\u00eas indiv\u00edduos na Rua Jacinto Marcelino, no Bairro Vila Olavo Costa (Regi\u00e3o Leste), quando um deles efetuou disparos de arma de fogo contra a v\u00edtima. Ap\u00f3s o ato, os suspeitos fugiram do local e o adolescente foi encaminhado para o Hospital Pronto Socorro (HPS), com ferimento na [&hellip;]<\/p>\n","protected":false},"author":96,"featured_media":163194,"comment_status":"closed","ping_status":"closed","sticky":false,"template":"","format":"standard","meta":{"footnotes":""},"categories":[301,436,439],"tags":[],"class_list":["post-164735","post","type-post","status-publish","format-standard","has-post-thumbnail","hentry","category-artigos-policiais","category-destaque-da-semana","category-ultima-hora"],"_links":{"self":[{"href":"https:\/\/diarioregionaldigital.com.br\/index.php?rest_route=\/wp\/v2\/posts\/164735","targetHints":{"allow":["GET"]}}],"collection":[{"href":"https:\/\/diarioregionaldigital.com.br\/index.php?rest_route=\/wp\/v2\/posts"}],"about":[{"href":"https:\/\/diarioregionaldigital.com.br\/index.php?rest_route=\/wp\/v2\/types\/post"}],"author":[{"embeddable":true,"href":"https:\/\/diarioregionaldigital.com.br\/index.php?rest_route=\/wp\/v2\/users\/96"}],"replies":[{"embeddable":true,"href":"https:\/\/diarioregionaldigital.com.br\/index.php?rest_route=%2Fwp%2Fv2%2Fcomments&post=164735"}],"version-history":[{"count":0,"href":"https:\/\/diarioregionaldigital.com.br\/index.php?rest_route=\/wp\/v2\/posts\/164735\/revisions"}],"wp:featuredmedia":[{"embeddable":true,"href":"https:\/\/diarioregionaldigital.com.br\/index.php?rest_route=\/wp\/v2\/media\/163194"}],"wp:attachment":[{"href":"https:\/\/diarioregionaldigital.com.br\/index.php?rest_route=%2Fwp%2Fv2%2Fmedia&parent=164735"}],"wp:term":[{"taxonomy":"category","embeddable":true,"href":"https:\/\/diarioregionaldigital.com.br\/index.php?rest_route=%2Fwp%2Fv2%2Fcategories&post=164735"},{"taxonomy":"post_tag","embeddable":true,"href":"https:\/\/diarioregionaldigital.com.br\/index.php?rest_route=%2Fwp%2Fv2%2Ftags&post=164735"}],"curies":[{"name":"wp","href":"https:\/\/api.w.org\/{rel}","templated":true}]}}