{"id":164732,"date":"2020-07-16T11:26:28","date_gmt":"2020-07-16T14:26:28","guid":{"rendered":"https:\/\/diarioregionaldigital.com.br\/?p=164732"},"modified":"2020-07-16T11:26:28","modified_gmt":"2020-07-16T14:26:28","slug":"pm-apreende-drogas-durante-operacao-no-jardim-de-ala","status":"publish","type":"post","link":"https:\/\/diarioregionaldigital.com.br\/?p=164732","title":{"rendered":"PM apreende drogas durante opera\u00e7\u00e3o no Jardim de Al\u00e1"},"content":{"rendered":"<p>A Pol\u00edcia Militar (PM) recebeu informa\u00e7\u00f5es acerca de um poss\u00edvel tr\u00e1fico de drogas, que estaria sendo realizado em um beco no Bairro Jardim de Al\u00e1 em Juiz de Fora. Com informa\u00e7\u00f5es em m\u00e3os, os policiais foram at\u00e9 o local e no momento da abordagem, os autores fugiram pelas escadas, mas foram interceptados logo em seguida. Com aux\u00edlio do c\u00e3o farejador, foram encontrados 110 papelotes de coca\u00edna, cinco pedras de crack e uma bucha de maconha. Durante buscas pessoais, foi encontrada a quantia de R$612,25 em dinheiro e um aparelho celular. Autores presos em flagrante e conduzidos para a Delegacia, junto com os materiais apreendidos.<\/p>\n","protected":false},"excerpt":{"rendered":"<p>A Pol\u00edcia Militar (PM) recebeu informa\u00e7\u00f5es acerca de um poss\u00edvel tr\u00e1fico de drogas, que estaria sendo realizado em um beco no Bairro Jardim de Al\u00e1 em Juiz de Fora. Com informa\u00e7\u00f5es em m\u00e3os, os policiais foram at\u00e9 o local e no momento da abordagem, os autores fugiram pelas escadas, mas foram interceptados logo em seguida. [&hellip;]<\/p>\n","protected":false},"author":96,"featured_media":164733,"comment_status":"closed","ping_status":"closed","sticky":false,"template":"","format":"standard","meta":{"footnotes":""},"categories":[301,436,439],"tags":[],"class_list":["post-164732","post","type-post","status-publish","format-standard","has-post-thumbnail","hentry","category-artigos-policiais","category-destaque-da-semana","category-ultima-hora"],"_links":{"self":[{"href":"https:\/\/diarioregionaldigital.com.br\/index.php?rest_route=\/wp\/v2\/posts\/164732","targetHints":{"allow":["GET"]}}],"collection":[{"href":"https:\/\/diarioregionaldigital.com.br\/index.php?rest_route=\/wp\/v2\/posts"}],"about":[{"href":"https:\/\/diarioregionaldigital.com.br\/index.php?rest_route=\/wp\/v2\/types\/post"}],"author":[{"embeddable":true,"href":"https:\/\/diarioregionaldigital.com.br\/index.php?rest_route=\/wp\/v2\/users\/96"}],"replies":[{"embeddable":true,"href":"https:\/\/diarioregionaldigital.com.br\/index.php?rest_route=%2Fwp%2Fv2%2Fcomments&post=164732"}],"version-history":[{"count":0,"href":"https:\/\/diarioregionaldigital.com.br\/index.php?rest_route=\/wp\/v2\/posts\/164732\/revisions"}],"wp:featuredmedia":[{"embeddable":true,"href":"https:\/\/diarioregionaldigital.com.br\/index.php?rest_route=\/wp\/v2\/media\/164733"}],"wp:attachment":[{"href":"https:\/\/diarioregionaldigital.com.br\/index.php?rest_route=%2Fwp%2Fv2%2Fmedia&parent=164732"}],"wp:term":[{"taxonomy":"category","embeddable":true,"href":"https:\/\/diarioregionaldigital.com.br\/index.php?rest_route=%2Fwp%2Fv2%2Fcategories&post=164732"},{"taxonomy":"post_tag","embeddable":true,"href":"https:\/\/diarioregionaldigital.com.br\/index.php?rest_route=%2Fwp%2Fv2%2Ftags&post=164732"}],"curies":[{"name":"wp","href":"https:\/\/api.w.org\/{rel}","templated":true}]}}