{"id":164729,"date":"2020-07-16T11:14:34","date_gmt":"2020-07-16T14:14:34","guid":{"rendered":"https:\/\/diarioregionaldigital.com.br\/?p=164729"},"modified":"2020-07-16T11:14:34","modified_gmt":"2020-07-16T14:14:34","slug":"jovem-e-preso-por-furtar-motocicleta-no-bairro-santa-rita","status":"publish","type":"post","link":"https:\/\/diarioregionaldigital.com.br\/?p=164729","title":{"rendered":"Jovem \u00e9 preso por furtar motocicleta no Bairro Santa Rita"},"content":{"rendered":"<p>A Pol\u00edcia Militar (PM), realizava um patrulhamento pelo Bairro Santa Rita (Regi\u00e3o Leste) em Juiz de Fora, quando avistaram um indiv\u00edduo, de 20 anos, conduzindo uma motocicleta e o mesmo n\u00e3o usava capacete. Os policiais realizaram abordagem ao suspeito e foi constatado que o ve\u00edculo estava com o miolo de contato da igni\u00e7\u00e3o estourado e o indiv\u00edduo estava com uma chave de fenda no bolso de seu moletom.<\/p>\n<p>Ap\u00f3s consultas no sistema, os militares encontraram o verdadeiro propriet\u00e1rio da referida motocicleta e com o endere\u00e7o em m\u00e3os, foram at\u00e9 a referida rua e ao chegar no local, um morador abordou os policiais informando que sua namorada havia recebido uma liga\u00e7\u00e3o, dizendo que teve sua moto furtada. Os policiais repassaram as caracter\u00edsticas e o morador reconheceu o ve\u00edculo.<\/p>\n<p>Em relatos aos militares, o autor diz que viu a v\u00edtima sentada em um bar e no momento em que a mesma estacionou em frente \u00e0 resid\u00eancia da namorada e entrou no im\u00f3vel, aproveitou a situa\u00e7\u00e3o e furtou a motocicleta. Disse tamb\u00e9m que estava indo para um outro local, pegar um capacete emprestado e que levaria o ve\u00edculo para um outro local, mas n\u00e3o deu informa\u00e7\u00f5es a respeito. Segundo informa\u00e7\u00f5es da PM, o infrator tem passagens por roubo, furto de ve\u00edculos, porte ilegal de arma de fogo e tr\u00e1fico de drogas.<\/p>\n<p>Diante dos fatos, o suspeito foi preso em flagrante e conduzido para a Delegacia. O ve\u00edculo foi removido e encaminhado para o patio.<\/p>\n","protected":false},"excerpt":{"rendered":"<p>A Pol\u00edcia Militar (PM), realizava um patrulhamento pelo Bairro Santa Rita (Regi\u00e3o Leste) em Juiz de Fora, quando avistaram um indiv\u00edduo, de 20 anos, conduzindo uma motocicleta e o mesmo n\u00e3o usava capacete. Os policiais realizaram abordagem ao suspeito e foi constatado que o ve\u00edculo estava com o miolo de contato da igni\u00e7\u00e3o estourado e [&hellip;]<\/p>\n","protected":false},"author":96,"featured_media":164730,"comment_status":"closed","ping_status":"closed","sticky":false,"template":"","format":"standard","meta":{"footnotes":""},"categories":[301,436,439],"tags":[],"class_list":["post-164729","post","type-post","status-publish","format-standard","has-post-thumbnail","hentry","category-artigos-policiais","category-destaque-da-semana","category-ultima-hora"],"_links":{"self":[{"href":"https:\/\/diarioregionaldigital.com.br\/index.php?rest_route=\/wp\/v2\/posts\/164729","targetHints":{"allow":["GET"]}}],"collection":[{"href":"https:\/\/diarioregionaldigital.com.br\/index.php?rest_route=\/wp\/v2\/posts"}],"about":[{"href":"https:\/\/diarioregionaldigital.com.br\/index.php?rest_route=\/wp\/v2\/types\/post"}],"author":[{"embeddable":true,"href":"https:\/\/diarioregionaldigital.com.br\/index.php?rest_route=\/wp\/v2\/users\/96"}],"replies":[{"embeddable":true,"href":"https:\/\/diarioregionaldigital.com.br\/index.php?rest_route=%2Fwp%2Fv2%2Fcomments&post=164729"}],"version-history":[{"count":0,"href":"https:\/\/diarioregionaldigital.com.br\/index.php?rest_route=\/wp\/v2\/posts\/164729\/revisions"}],"wp:featuredmedia":[{"embeddable":true,"href":"https:\/\/diarioregionaldigital.com.br\/index.php?rest_route=\/wp\/v2\/media\/164730"}],"wp:attachment":[{"href":"https:\/\/diarioregionaldigital.com.br\/index.php?rest_route=%2Fwp%2Fv2%2Fmedia&parent=164729"}],"wp:term":[{"taxonomy":"category","embeddable":true,"href":"https:\/\/diarioregionaldigital.com.br\/index.php?rest_route=%2Fwp%2Fv2%2Fcategories&post=164729"},{"taxonomy":"post_tag","embeddable":true,"href":"https:\/\/diarioregionaldigital.com.br\/index.php?rest_route=%2Fwp%2Fv2%2Ftags&post=164729"}],"curies":[{"name":"wp","href":"https:\/\/api.w.org\/{rel}","templated":true}]}}