{"id":164723,"date":"2020-07-16T10:57:13","date_gmt":"2020-07-16T13:57:13","guid":{"rendered":"https:\/\/diarioregionaldigital.com.br\/?p=164723"},"modified":"2020-07-16T10:57:13","modified_gmt":"2020-07-16T13:57:13","slug":"mais-de-70-dos-trabalhadores-temem-perder-ocupacao","status":"publish","type":"post","link":"https:\/\/diarioregionaldigital.com.br\/?p=164723","title":{"rendered":"Mais de 70% dos trabalhadores temem perder ocupa\u00e7\u00e3o"},"content":{"rendered":"<p>Sete em cada dez trabalhadores formais e informais (71%) t\u00eam \u201calgum medo\u201d de perder a ocupa\u00e7\u00e3o de onde tiram o sustento. A mesma propor\u00e7\u00e3o informa ter reduzidos os gastos mensais desde o in\u00edcio da pandemia de covid-19.<\/p>\n<p>As informa\u00e7\u00f5es s\u00e3o de pesquisa de opini\u00e3o realizada para a Confedera\u00e7\u00e3o Nacional da Ind\u00fastria (CNI). Os dados foram apurados em levantamento por telefone, realizado entre 10 e 13 de julho em todas as unidades da Federa\u00e7\u00e3o.<\/p>\n<p>Na enquete anterior, feita em maio, a propor\u00e7\u00e3o de pessoas preocupadas com a manuten\u00e7\u00e3o do trabalho era de 77%, e o percentual de quem reduziu o consumo, 74%.<\/p>\n<p>Segundo nota da CNI, \u201co n\u00edvel reduzido de consumo tende a ser mantido mesmo ap\u00f3s o fim do isolamento social\u201d. A maioria dos entrevistados acredita que vai manter o atual patamar de consumo entre 15 tipos de produtos industrializados &#8211; desde itens como roupas, produtos de higiene pessoal at\u00e9 bebidas alco\u00f3licas, eletrodom\u00e9sticos e eletroeletr\u00f4nicos.<\/p>\n<p>\u201cPara se ter uma ideia, os itens que mais devem ter crescimento de consumo no p\u00f3s-isolamento s\u00e3o as roupas. Mesmo assim, apenas 21% dos entrevistados afirmaram que pretendem ampliar o consumo desses produtos\u201d, diz a nota da confedera\u00e7\u00e3o.<\/p>\n<p>A pesquisa tamb\u00e9m verificou que para 67% dos entrevistados a recupera\u00e7\u00e3o da economia ainda n\u00e3o come\u00e7ou &#8211; sendo que 61% calculam que ela vai demorar pelo menos um ano para ocorrer. Tr\u00eas de cada dez das pessoas ouvidas (31%) disseram que perderam parte ou a renda integral antes da covid-19.<\/p>\n<p>O levantamento ainda verificou que o medo de ser infectado pelo novo coronav\u00edrus alcan\u00e7a 47% das pessoas entrevistadas, seis pontos percentuais a menos do que em maio. A redu\u00e7\u00e3o do temor n\u00e3o fez ceder o amplo apoio \u00e0s medidas de isolamento social (84%). Conforme a CNI, \u201co grupo das pessoas que saem de casa apenas para a\u00e7\u00f5es essenciais, como fazer compras ou trabalhar, aumentou de 58% para 67% entre maio e julho.\u201d<\/p>\n<p>Nesse per\u00edodo, houve recuo de oito pontos percentuais na propor\u00e7\u00e3o de pessoas que se dizem endividadas, de 53% para 45%. A maioria (62%) que se diz endividada afirma que vai conseguir quitar os compromissos em 30 dias.<\/p>\n<p>Um ter\u00e7o dos entrevistados pediu e est\u00e1 recebendo aux\u00edlio emergencial. Entre esses, 57% usaram o dinheiro para fazer compras e 35% aproveitaram o valor para pagar d\u00edvidas.<\/p>\n<p><strong>Fonte:\u00a0<\/strong>Ag\u00eancia Brasil<\/p>\n","protected":false},"excerpt":{"rendered":"<p>Sete em cada dez trabalhadores formais e informais (71%) t\u00eam \u201calgum medo\u201d de perder a ocupa\u00e7\u00e3o de onde tiram o sustento. A mesma propor\u00e7\u00e3o informa ter reduzidos os gastos mensais desde o in\u00edcio da pandemia de covid-19. As informa\u00e7\u00f5es s\u00e3o de pesquisa de opini\u00e3o realizada para a Confedera\u00e7\u00e3o Nacional da Ind\u00fastria (CNI). Os dados foram [&hellip;]<\/p>\n","protected":false},"author":96,"featured_media":164724,"comment_status":"closed","ping_status":"closed","sticky":false,"template":"","format":"standard","meta":{"footnotes":""},"categories":[436,261,439],"tags":[],"class_list":["post-164723","post","type-post","status-publish","format-standard","has-post-thumbnail","hentry","category-destaque-da-semana","category-economia","category-ultima-hora"],"_links":{"self":[{"href":"https:\/\/diarioregionaldigital.com.br\/index.php?rest_route=\/wp\/v2\/posts\/164723","targetHints":{"allow":["GET"]}}],"collection":[{"href":"https:\/\/diarioregionaldigital.com.br\/index.php?rest_route=\/wp\/v2\/posts"}],"about":[{"href":"https:\/\/diarioregionaldigital.com.br\/index.php?rest_route=\/wp\/v2\/types\/post"}],"author":[{"embeddable":true,"href":"https:\/\/diarioregionaldigital.com.br\/index.php?rest_route=\/wp\/v2\/users\/96"}],"replies":[{"embeddable":true,"href":"https:\/\/diarioregionaldigital.com.br\/index.php?rest_route=%2Fwp%2Fv2%2Fcomments&post=164723"}],"version-history":[{"count":0,"href":"https:\/\/diarioregionaldigital.com.br\/index.php?rest_route=\/wp\/v2\/posts\/164723\/revisions"}],"wp:featuredmedia":[{"embeddable":true,"href":"https:\/\/diarioregionaldigital.com.br\/index.php?rest_route=\/wp\/v2\/media\/164724"}],"wp:attachment":[{"href":"https:\/\/diarioregionaldigital.com.br\/index.php?rest_route=%2Fwp%2Fv2%2Fmedia&parent=164723"}],"wp:term":[{"taxonomy":"category","embeddable":true,"href":"https:\/\/diarioregionaldigital.com.br\/index.php?rest_route=%2Fwp%2Fv2%2Fcategories&post=164723"},{"taxonomy":"post_tag","embeddable":true,"href":"https:\/\/diarioregionaldigital.com.br\/index.php?rest_route=%2Fwp%2Fv2%2Ftags&post=164723"}],"curies":[{"name":"wp","href":"https:\/\/api.w.org\/{rel}","templated":true}]}}