{"id":164720,"date":"2020-07-16T10:55:36","date_gmt":"2020-07-16T13:55:36","guid":{"rendered":"https:\/\/diarioregionaldigital.com.br\/?p=164720"},"modified":"2020-07-16T10:55:36","modified_gmt":"2020-07-16T13:55:36","slug":"caixa-comeca-a-pagar-hoje-abono-salarial-para-nascidos-em-julho","status":"publish","type":"post","link":"https:\/\/diarioregionaldigital.com.br\/?p=164720","title":{"rendered":"Caixa come\u00e7a a pagar hoje abono salarial para nascidos em julho"},"content":{"rendered":"<p>A Caixa Econ\u00f4mica Federal come\u00e7a a pagar nesta quinta-feira (16) o abono salarial 2020\/2021 para os trabalhadores nascidos no m\u00eas de julho que ainda n\u00e3o receberam o valor em conta. T\u00eam direito de receber 741.586 trabalhadores, e o valor total pago ser\u00e1 de de R$ 573,3 milh\u00f5es.\u00a0<img decoding=\"async\" src=\"https:\/\/agenciabrasil.ebc.com.br\/ebc.png?id=1311643&amp;o=node\" \/><\/p>\n<p>Os valores para cada trabalhador variam de R$ 88 a R$ 1.045, de acordo com o n\u00famero\u00a0de meses trabalhados durante o ano-base 2019. O saque pode ser realizado at\u00e9 30 de junho de 2021. Em todo o calend\u00e1rio, ser\u00e3o disponibilizados R$ 15,8 bilh\u00f5es para 20,5 milh\u00f5es trabalhadores.<\/p>\n<p>Os valores podem ser sacados com o cart\u00e3o do cidad\u00e3o e a enha nas ag\u00eancias, em terminais de autoatendimento, unidades lot\u00e9ricas e nos correspondentes Caixa Aqui. Conforme o banco, neste calend\u00e1rio, j\u00e1 foram contempladas pessoas nascidos entre julho e dezembro que s\u00e3o titulares de contas individuais na Caixa. Esses trabalhadores receberam o cr\u00e9dito autom\u00e1tico no dia 30 de junho.<\/p>\n<p>A antecipa\u00e7\u00e3o do in\u00edcio do calend\u00e1rio, que nos anos anteriores ocorreu no fim de julho, foi adotada para diminuir os efeitos econ\u00f4micos causados pela pandemia do novo coronav\u00edrus. O cr\u00e9dito antecipado do abono salarial foi feito\u00a0para quase 6 milh\u00f5es de trabalhadores, no total de R$ 4,6 bilh\u00f5es.<\/p>\n<p>Tem direito ao benef\u00edcio o trabalhador inscrito no Programa de Integra\u00e7\u00e3o Social (PIS) h\u00e1 pelo menos cinco anos e que tenha trabalhado formalmente por pelo menos 30 dias em 2019, com remunera\u00e7\u00e3o mensal m\u00e9dia de at\u00e9 dois sal\u00e1rios m\u00ednimos.<\/p>\n<p>Recebem o abono salarial trabalhadores vinculados a entidades e empresas privadas. As pessoas que trabalham no setor p\u00fablico t\u00eam inscri\u00e7\u00e3o no Programa de Forma\u00e7\u00e3o do Patrim\u00f4nio do Servidor P\u00fablico (Pasep) e recebem o benef\u00edcio no Banco do Brasil.<\/p>\n<p><strong>Fonte:\u00a0<\/strong>Ag\u00eancia Brasil<\/p>\n","protected":false},"excerpt":{"rendered":"<p>A Caixa Econ\u00f4mica Federal come\u00e7a a pagar nesta quinta-feira (16) o abono salarial 2020\/2021 para os trabalhadores nascidos no m\u00eas de julho que ainda n\u00e3o receberam o valor em conta. T\u00eam direito de receber 741.586 trabalhadores, e o valor total pago ser\u00e1 de de R$ 573,3 milh\u00f5es.\u00a0 Os valores para cada trabalhador variam de R$ [&hellip;]<\/p>\n","protected":false},"author":96,"featured_media":164721,"comment_status":"closed","ping_status":"closed","sticky":false,"template":"","format":"standard","meta":{"footnotes":""},"categories":[436,261,439],"tags":[],"class_list":["post-164720","post","type-post","status-publish","format-standard","has-post-thumbnail","hentry","category-destaque-da-semana","category-economia","category-ultima-hora"],"_links":{"self":[{"href":"https:\/\/diarioregionaldigital.com.br\/index.php?rest_route=\/wp\/v2\/posts\/164720","targetHints":{"allow":["GET"]}}],"collection":[{"href":"https:\/\/diarioregionaldigital.com.br\/index.php?rest_route=\/wp\/v2\/posts"}],"about":[{"href":"https:\/\/diarioregionaldigital.com.br\/index.php?rest_route=\/wp\/v2\/types\/post"}],"author":[{"embeddable":true,"href":"https:\/\/diarioregionaldigital.com.br\/index.php?rest_route=\/wp\/v2\/users\/96"}],"replies":[{"embeddable":true,"href":"https:\/\/diarioregionaldigital.com.br\/index.php?rest_route=%2Fwp%2Fv2%2Fcomments&post=164720"}],"version-history":[{"count":0,"href":"https:\/\/diarioregionaldigital.com.br\/index.php?rest_route=\/wp\/v2\/posts\/164720\/revisions"}],"wp:featuredmedia":[{"embeddable":true,"href":"https:\/\/diarioregionaldigital.com.br\/index.php?rest_route=\/wp\/v2\/media\/164721"}],"wp:attachment":[{"href":"https:\/\/diarioregionaldigital.com.br\/index.php?rest_route=%2Fwp%2Fv2%2Fmedia&parent=164720"}],"wp:term":[{"taxonomy":"category","embeddable":true,"href":"https:\/\/diarioregionaldigital.com.br\/index.php?rest_route=%2Fwp%2Fv2%2Fcategories&post=164720"},{"taxonomy":"post_tag","embeddable":true,"href":"https:\/\/diarioregionaldigital.com.br\/index.php?rest_route=%2Fwp%2Fv2%2Ftags&post=164720"}],"curies":[{"name":"wp","href":"https:\/\/api.w.org\/{rel}","templated":true}]}}