{"id":164717,"date":"2020-07-16T10:45:59","date_gmt":"2020-07-16T13:45:59","guid":{"rendered":"https:\/\/diarioregionaldigital.com.br\/?p=164717"},"modified":"2020-07-16T10:45:59","modified_gmt":"2020-07-16T13:45:59","slug":"covid-19-secretaria-de-saude-de-minas-gerais-registra-82-mortes-em-24h","status":"publish","type":"post","link":"https:\/\/diarioregionaldigital.com.br\/?p=164717","title":{"rendered":"Covid-19: Secretaria de Sa\u00fade de Minas Gerais registra 82 mortes em 24h"},"content":{"rendered":"<p>O boletim epidemiol\u00f3gico divulgado nesta quinta-feira (16) pela Secretaria de Estado da Sa\u00fade de Minas Gerais (SES-MG), registra mais 82 mortes por Coronav\u00edrus em Minas Gerais, totalizando 1.834. Os \u00f3bitos no novo boletim foram registrados em: Muria\u00e9 (6), Miradouro (1), Piranga (1), Belo Horizonte (23), Buritis (1), Contagem (2), Betim (3), Caet\u00e9 (1), Sarzedo (1), S\u00e3o Joaquim de Bicas (1), Lavras (1), Boa Esperan\u00e7a (1), Tim\u00f3teo (1), Ipatinga (2), Coronel Fabriciano (1), Espinosa (1), Montes Claros (2), Jana\u00faba (1), Te\u00f3filo Otoni (2), Nanuque (2), Guaran\u00e9sia (1), Carmo do Parana\u00edba (1), Po\u00e7os de Caldas (1), Congonhal (1), Borda da Mata (2), Toledo (1), Uberl\u00e2ndia (4), Papagaios (1), Cl\u00e1udio (1), Campo Belo (2), Formiga (1), Lajinha (1), Manhua\u00e7u (2), Jord\u00e2nia (1), Felisburgo (1), Medina (1), Almenara (2), Pedra Azul (1), Santa Margarida (1) e dois pacientes, sendo uma mulher de 57 e um idoso de 64 anos nascidos em outros estados brasileiros.<\/p>\n<p>Conforme o levantamento, o n\u00famero de casos confirmados aumentou de 82.010 para 84.470. Al\u00e9m disso, 57.930 pacientes est\u00e3o recuperados da doen\u00e7a, representando 68,5% dos casos. Conforme o levantamento 24.706 pacientes est\u00e3o sob acompanhamento m\u00e9dico. At\u00e9 ent\u00e3o foram feitos 56.439 testes laboratoriais, sendo que 12.127 deram positivo, 41.768 deram negativo e 1.694 est\u00e3o sob an\u00e1lise.<\/p>\n<p>Confira abaixo a tabela completa com os \u00f3bitos confirmados no estado:<\/p>\n<p><a href=\"https:\/\/diarioregionaldigital.com.br\/wp-content\/uploads\/2020\/07\/OBITOS_CONF_COVID-19_MG_16.07.2020.xlsx\">OBITOS_CONF_COVID-19_MG_16.07.2020<\/a><\/p>\n","protected":false},"excerpt":{"rendered":"<p>O boletim epidemiol\u00f3gico divulgado nesta quinta-feira (16) pela Secretaria de Estado da Sa\u00fade de Minas Gerais (SES-MG), registra mais 82 mortes por Coronav\u00edrus em Minas Gerais, totalizando 1.834. Os \u00f3bitos no novo boletim foram registrados em: Muria\u00e9 (6), Miradouro (1), Piranga (1), Belo Horizonte (23), Buritis (1), Contagem (2), Betim (3), Caet\u00e9 (1), Sarzedo (1), [&hellip;]<\/p>\n","protected":false},"author":96,"featured_media":161260,"comment_status":"closed","ping_status":"closed","sticky":false,"template":"","format":"standard","meta":{"footnotes":""},"categories":[436,440,252,439],"tags":[],"class_list":["post-164717","post","type-post","status-publish","format-standard","has-post-thumbnail","hentry","category-destaque-da-semana","category-destaques-do-dia","category-regiao","category-ultima-hora"],"_links":{"self":[{"href":"https:\/\/diarioregionaldigital.com.br\/index.php?rest_route=\/wp\/v2\/posts\/164717","targetHints":{"allow":["GET"]}}],"collection":[{"href":"https:\/\/diarioregionaldigital.com.br\/index.php?rest_route=\/wp\/v2\/posts"}],"about":[{"href":"https:\/\/diarioregionaldigital.com.br\/index.php?rest_route=\/wp\/v2\/types\/post"}],"author":[{"embeddable":true,"href":"https:\/\/diarioregionaldigital.com.br\/index.php?rest_route=\/wp\/v2\/users\/96"}],"replies":[{"embeddable":true,"href":"https:\/\/diarioregionaldigital.com.br\/index.php?rest_route=%2Fwp%2Fv2%2Fcomments&post=164717"}],"version-history":[{"count":0,"href":"https:\/\/diarioregionaldigital.com.br\/index.php?rest_route=\/wp\/v2\/posts\/164717\/revisions"}],"wp:featuredmedia":[{"embeddable":true,"href":"https:\/\/diarioregionaldigital.com.br\/index.php?rest_route=\/wp\/v2\/media\/161260"}],"wp:attachment":[{"href":"https:\/\/diarioregionaldigital.com.br\/index.php?rest_route=%2Fwp%2Fv2%2Fmedia&parent=164717"}],"wp:term":[{"taxonomy":"category","embeddable":true,"href":"https:\/\/diarioregionaldigital.com.br\/index.php?rest_route=%2Fwp%2Fv2%2Fcategories&post=164717"},{"taxonomy":"post_tag","embeddable":true,"href":"https:\/\/diarioregionaldigital.com.br\/index.php?rest_route=%2Fwp%2Fv2%2Ftags&post=164717"}],"curies":[{"name":"wp","href":"https:\/\/api.w.org\/{rel}","templated":true}]}}