{"id":164706,"date":"2020-07-16T00:09:18","date_gmt":"2020-07-16T03:09:18","guid":{"rendered":"https:\/\/diarioregionaldigital.com.br\/?p=164706"},"modified":"2020-07-16T00:09:18","modified_gmt":"2020-07-16T03:09:18","slug":"veiculo-clonado-e-encontrado-abandonado-pela-prf-e-pm-no-bairro-sao-benedito","status":"publish","type":"post","link":"https:\/\/diarioregionaldigital.com.br\/?p=164706","title":{"rendered":"Ve\u00edculo clonado \u00e9 encontrado abandonado pela PRF e PM no Bairro S\u00e3o Benedito"},"content":{"rendered":"<p><span style=\"font-weight: 400;\">A Pol\u00edcia Rodovi\u00e1ria Federal (PRF), realizava uma ronda pela BR-040, quando na altura do Km 783, os policiais avistaram um ve\u00edculo com placas de Niter\u00f3i-RJ, que estava sendo conduzido de maneira suspeita. <\/span><span style=\"font-weight: 400;\">Ao fazerem o retorno no trevo de acesso a Juiz de Fora, para realizarem a abordagem, os agentes da PRF perceberam que o ve\u00edculo saiu da rodovia e seguiu em dire\u00e7\u00e3o ao centro da cidade.\u00a0<\/span><\/p>\n<p><span style=\"font-weight: 400;\">Diante dos fatos, a Pol\u00edcia Militar (PM) foi acionada para dar apoio t\u00e1tico, para localizar o referido autom\u00f3vel. Instantes depois, os militares comunicaram \u00e0 PRF que o ve\u00edculo havia sido encontrado, sem os ocupantes, no Bairro S\u00e3o Benedito (Regi\u00e3o Leste) em Juiz de Fora.\u00a0<\/span><\/p>\n<p><span style=\"font-weight: 400;\">Com o endere\u00e7o em m\u00e3os, os agentes se deslocaram at\u00e9 o local e durante fiscaliza\u00e7\u00e3o, foi constatado pelos sinais identificadores que o ve\u00edculo havia sido clonado. Segundo informa\u00e7\u00f5es, o original foi roubado em Niter\u00f3i, no dia 7 de julho de 2018. Ocorr\u00eancia encaminhada \u00e0\u00a0 Pol\u00edcia Civil de plant\u00e3o de Juiz de Fora.<\/span><\/p>\n","protected":false},"excerpt":{"rendered":"<p>A Pol\u00edcia Rodovi\u00e1ria Federal (PRF), realizava uma ronda pela BR-040, quando na altura do Km 783, os policiais avistaram um ve\u00edculo com placas de Niter\u00f3i-RJ, que estava sendo conduzido de maneira suspeita. Ao fazerem o retorno no trevo de acesso a Juiz de Fora, para realizarem a abordagem, os agentes da PRF perceberam que o [&hellip;]<\/p>\n","protected":false},"author":96,"featured_media":164707,"comment_status":"closed","ping_status":"closed","sticky":false,"template":"","format":"standard","meta":{"footnotes":""},"categories":[301,436,439],"tags":[],"class_list":["post-164706","post","type-post","status-publish","format-standard","has-post-thumbnail","hentry","category-artigos-policiais","category-destaque-da-semana","category-ultima-hora"],"_links":{"self":[{"href":"https:\/\/diarioregionaldigital.com.br\/index.php?rest_route=\/wp\/v2\/posts\/164706","targetHints":{"allow":["GET"]}}],"collection":[{"href":"https:\/\/diarioregionaldigital.com.br\/index.php?rest_route=\/wp\/v2\/posts"}],"about":[{"href":"https:\/\/diarioregionaldigital.com.br\/index.php?rest_route=\/wp\/v2\/types\/post"}],"author":[{"embeddable":true,"href":"https:\/\/diarioregionaldigital.com.br\/index.php?rest_route=\/wp\/v2\/users\/96"}],"replies":[{"embeddable":true,"href":"https:\/\/diarioregionaldigital.com.br\/index.php?rest_route=%2Fwp%2Fv2%2Fcomments&post=164706"}],"version-history":[{"count":0,"href":"https:\/\/diarioregionaldigital.com.br\/index.php?rest_route=\/wp\/v2\/posts\/164706\/revisions"}],"wp:featuredmedia":[{"embeddable":true,"href":"https:\/\/diarioregionaldigital.com.br\/index.php?rest_route=\/wp\/v2\/media\/164707"}],"wp:attachment":[{"href":"https:\/\/diarioregionaldigital.com.br\/index.php?rest_route=%2Fwp%2Fv2%2Fmedia&parent=164706"}],"wp:term":[{"taxonomy":"category","embeddable":true,"href":"https:\/\/diarioregionaldigital.com.br\/index.php?rest_route=%2Fwp%2Fv2%2Fcategories&post=164706"},{"taxonomy":"post_tag","embeddable":true,"href":"https:\/\/diarioregionaldigital.com.br\/index.php?rest_route=%2Fwp%2Fv2%2Ftags&post=164706"}],"curies":[{"name":"wp","href":"https:\/\/api.w.org\/{rel}","templated":true}]}}