{"id":164703,"date":"2020-07-16T00:01:36","date_gmt":"2020-07-16T03:01:36","guid":{"rendered":"https:\/\/diarioregionaldigital.com.br\/?p=164703"},"modified":"2020-07-15T23:56:59","modified_gmt":"2020-07-16T02:56:59","slug":"reitor-da-ufjf-aguarda-propostas-para-o-retorno-das-atividades-da-graduacao-de-forma-remota","status":"publish","type":"post","link":"https:\/\/diarioregionaldigital.com.br\/?p=164703","title":{"rendered":"Reitor da UFJF aguarda propostas para o retorno das atividades da gradua\u00e7\u00e3o de forma remota"},"content":{"rendered":"<p><span style=\"font-weight: 400;\">O reitor da Universidade Federal de Juiz de Fora (UFJF), Marcus David, apresentou medidas que permitam a retomada de atividades acad\u00eamicas da institui\u00e7\u00e3o, mas de maneira remota. Dentre as a\u00e7\u00f5es tomadas, est\u00e3o a realiza\u00e7\u00e3o do Diagn\u00f3stico das Condi\u00e7\u00f5es de Acesso Digital, a aprova\u00e7\u00e3o de ensino emergencial remoto para a p\u00f3s-gradua\u00e7\u00e3o, as medidas para a continuidade dos trabalhos de conclus\u00e3o de curso (TCC) e dos programas\u00a0 e projetos de extens\u00e3o e a cria\u00e7\u00e3o de comiss\u00f5es para discutir os diversos aspectos que envolvem a situa\u00e7\u00e3o.\u00a0<\/span><\/p>\n<p><span style=\"font-weight: 400;\">Durante um pronunciamento atrav\u00e9s de v\u00eddeo, Marcus David falou sobre a possibilidade de se apresentar ao Conselho Superior (Consu), at\u00e9 o dia 31 de julho, propostas para o retorno das atividades da gradua\u00e7\u00e3o de forma remota:<\/span><\/p>\n<p><span style=\"font-weight: 400;\">\u201cAs comiss\u00f5es est\u00e3o trabalhando para apresentar ao Consu, at\u00e9 o dia 31 de julho,\u00a0 propostas de ensino remoto emergencial para a retomada da gradua\u00e7\u00e3o. Todos est\u00e3o atuando de forma intensa e integrada para tentar garantir o retorno das atividades, oferecendo toda a seguran\u00e7a necess\u00e1ria para os trabalhadores e a inclus\u00e3o para os estudantes. Isso tudo sem abrir m\u00e3o da qualidade acad\u00eamica que caracteriza a UFJF\u201d.<\/span><\/p>\n<p><span style=\"font-weight: 400;\">O reitor relata que a Administra\u00e7\u00e3o Superior da UFJF, tem feito planejamentos desde o final do m\u00eas de maio, para garantir o retorno das a\u00e7\u00f5es universit\u00e1rias. Dentre das a\u00e7\u00f5es realizadas, Marcus David cita o Diagn\u00f3stico das Condi\u00e7\u00f5es de Acesso Digital, respondido por mais de 18 mil estudantes, docentes e t\u00e9cnico-administrativos em educa\u00e7\u00e3o (TAE) da institui\u00e7\u00e3o:<\/span><\/p>\n<p><span style=\"font-weight: 400;\">\u00a0\u201cEm 2 de julho, o Conselho Superior (Consu) da UFJF constituiu seis comiss\u00f5es para tratar sobre a retomada das atividades acad\u00eamicas, sendo uma delas direcionada para o ensino superior e outra para as a\u00e7\u00f5es da educa\u00e7\u00e3o b\u00e1sica.\u201d<\/span><\/p>\n<p><span style=\"font-weight: 400;\">Conforme o reitor, existe uma comiss\u00e3o que atua no levantamento da necessidade de investimentos em quest\u00f5es de tecnologia e infraestrutura e uma outra que aborda o processo de inclus\u00e3o do segmento estudantil:<\/span><\/p>\n<p><span style=\"font-weight: 400;\">\u201cH\u00e1 uma comiss\u00e3o para pensar sobre as quest\u00f5es de infraestrutura e sa\u00fade e que pondera tudo o que precisa ser feito para garantir a retomada das atividades da UFJF. A \u00faltima comiss\u00e3o \u00e9 focada nas condi\u00e7\u00f5es de trabalho e analisa os aspectos de sa\u00fade dos nossos trabalhadores, oferecendo as melhores condi\u00e7\u00f5es poss\u00edveis para a realiza\u00e7\u00e3o dos trabalhos\u201d, explica Marcus David.<\/span><\/p>\n","protected":false},"excerpt":{"rendered":"<p>O reitor da Universidade Federal de Juiz de Fora (UFJF), Marcus David, apresentou medidas que permitam a retomada de atividades acad\u00eamicas da institui\u00e7\u00e3o, mas de maneira remota. Dentre as a\u00e7\u00f5es tomadas, est\u00e3o a realiza\u00e7\u00e3o do Diagn\u00f3stico das Condi\u00e7\u00f5es de Acesso Digital, a aprova\u00e7\u00e3o de ensino emergencial remoto para a p\u00f3s-gradua\u00e7\u00e3o, as medidas para a continuidade [&hellip;]<\/p>\n","protected":false},"author":96,"featured_media":164704,"comment_status":"closed","ping_status":"closed","sticky":false,"template":"","format":"standard","meta":{"footnotes":""},"categories":[253,436,440,439],"tags":[],"class_list":["post-164703","post","type-post","status-publish","format-standard","has-post-thumbnail","hentry","category-cidade","category-destaque-da-semana","category-destaques-do-dia","category-ultima-hora"],"_links":{"self":[{"href":"https:\/\/diarioregionaldigital.com.br\/index.php?rest_route=\/wp\/v2\/posts\/164703","targetHints":{"allow":["GET"]}}],"collection":[{"href":"https:\/\/diarioregionaldigital.com.br\/index.php?rest_route=\/wp\/v2\/posts"}],"about":[{"href":"https:\/\/diarioregionaldigital.com.br\/index.php?rest_route=\/wp\/v2\/types\/post"}],"author":[{"embeddable":true,"href":"https:\/\/diarioregionaldigital.com.br\/index.php?rest_route=\/wp\/v2\/users\/96"}],"replies":[{"embeddable":true,"href":"https:\/\/diarioregionaldigital.com.br\/index.php?rest_route=%2Fwp%2Fv2%2Fcomments&post=164703"}],"version-history":[{"count":0,"href":"https:\/\/diarioregionaldigital.com.br\/index.php?rest_route=\/wp\/v2\/posts\/164703\/revisions"}],"wp:featuredmedia":[{"embeddable":true,"href":"https:\/\/diarioregionaldigital.com.br\/index.php?rest_route=\/wp\/v2\/media\/164704"}],"wp:attachment":[{"href":"https:\/\/diarioregionaldigital.com.br\/index.php?rest_route=%2Fwp%2Fv2%2Fmedia&parent=164703"}],"wp:term":[{"taxonomy":"category","embeddable":true,"href":"https:\/\/diarioregionaldigital.com.br\/index.php?rest_route=%2Fwp%2Fv2%2Fcategories&post=164703"},{"taxonomy":"post_tag","embeddable":true,"href":"https:\/\/diarioregionaldigital.com.br\/index.php?rest_route=%2Fwp%2Fv2%2Ftags&post=164703"}],"curies":[{"name":"wp","href":"https:\/\/api.w.org\/{rel}","templated":true}]}}