{"id":164693,"date":"2020-07-16T06:00:55","date_gmt":"2020-07-16T09:00:55","guid":{"rendered":"https:\/\/diarioregionaldigital.com.br\/?p=164693"},"modified":"2020-07-15T23:39:02","modified_gmt":"2020-07-16T02:39:02","slug":"consumo","status":"publish","type":"post","link":"https:\/\/diarioregionaldigital.com.br\/?p=164693","title":{"rendered":"Consumo"},"content":{"rendered":"<p style=\"text-align: center;\"><strong>Um ou Outro<\/strong><\/p>\n<p style=\"text-align: center;\">O empres\u00e1rio Tito Bessam dono da TNG, varejista presente em quase 500 pontos de vendas no Brasil, tinha praticamente acertada a compra da Forever 21 no Brasil. Veio a pandemia. E o neg\u00f3cio com os americanos foi para o espa\u00e7o. O objetivo de Tito Bessa para a ser a sobreviv\u00eancia da TNG.<\/p>\n<p style=\"text-align: center;\"><strong>Consumo<\/strong><\/p>\n<p style=\"text-align: center;\">O crescimento do agroneg\u00f3cio em meio \u00e0 crise global provocada pela pandemia do novo Coronav\u00edrus esconde diferen\u00e7as entre segmentos e culturas. Exportadores faturam mais, enquanto os produtores de itens frescos, mais ligados ao consumo interno t\u00eam vendas prejudicadas pelas medidas de isolamento dos que podem ficar em casa, \u00c9 o caso de frutas, flores, peixe e biocombust\u00edveis.<\/p>\n<p style=\"text-align: center;\"><span style=\"font-size: 14pt;\"><strong>Para Refletir<\/strong><\/span><\/p>\n<p style=\"text-align: center;\">O mundo parou, para a humanidade notar que n\u00e3o existe homem algum com poder, para desafiar o que somente Deus tem o dom\u00ednio.<\/p>\n<div id=\"attachment_164684\" style=\"width: 690px\" class=\"wp-caption aligncenter\"><img loading=\"lazy\" decoding=\"async\" aria-describedby=\"caption-attachment-164684\" class=\"wp-image-164684\" src=\"https:\/\/diarioregionaldigital.com.br\/wp-content\/uploads\/2020\/07\/fotoa-8-e1594866384714.jpg\" alt=\"\" width=\"680\" height=\"557\" srcset=\"https:\/\/diarioregionaldigital.com.br\/wp-content\/uploads\/2020\/07\/fotoa-8-e1594866384714.jpg 625w, https:\/\/diarioregionaldigital.com.br\/wp-content\/uploads\/2020\/07\/fotoa-8-e1594866384714-300x246.jpg 300w, https:\/\/diarioregionaldigital.com.br\/wp-content\/uploads\/2020\/07\/fotoa-8-e1594866384714-220x180.jpg 220w, https:\/\/diarioregionaldigital.com.br\/wp-content\/uploads\/2020\/07\/fotoa-8-e1594866384714-360x295.jpg 360w\" sizes=\"auto, (max-width: 680px) 100vw, 680px\" \/><p id=\"caption-attachment-164684\" class=\"wp-caption-text\">A primeira dama da \u00d3tica Juiz de Fora, Maria Pires com espetacular \u00f3culos da cole\u00e7\u00e3o Inverno 2020<\/p><\/div>\n<div id=\"attachment_164685\" style=\"width: 690px\" class=\"wp-caption aligncenter\"><img loading=\"lazy\" decoding=\"async\" aria-describedby=\"caption-attachment-164685\" class=\"wp-image-164685\" src=\"https:\/\/diarioregionaldigital.com.br\/wp-content\/uploads\/2020\/07\/fotob-9-e1594866444495.jpg\" alt=\"\" width=\"680\" height=\"492\" srcset=\"https:\/\/diarioregionaldigital.com.br\/wp-content\/uploads\/2020\/07\/fotob-9-e1594866444495.jpg 720w, https:\/\/diarioregionaldigital.com.br\/wp-content\/uploads\/2020\/07\/fotob-9-e1594866444495-300x217.jpg 300w, https:\/\/diarioregionaldigital.com.br\/wp-content\/uploads\/2020\/07\/fotob-9-e1594866444495-360x261.jpg 360w\" sizes=\"auto, (max-width: 680px) 100vw, 680px\" \/><p id=\"caption-attachment-164685\" class=\"wp-caption-text\">As lindas La\u00eds Stambassi Fernandes e Leyse Mageste Stambassi, iluminam hoje esta coluna virtual<\/p><\/div>\n<div id=\"attachment_164686\" style=\"width: 690px\" class=\"wp-caption aligncenter\"><img loading=\"lazy\" decoding=\"async\" aria-describedby=\"caption-attachment-164686\" class=\"wp-image-164686\" src=\"https:\/\/diarioregionaldigital.com.br\/wp-content\/uploads\/2020\/07\/fotoc-8-e1594866476235.jpg\" alt=\"\" width=\"680\" height=\"517\" srcset=\"https:\/\/diarioregionaldigital.com.br\/wp-content\/uploads\/2020\/07\/fotoc-8-e1594866476235.jpg 715w, https:\/\/diarioregionaldigital.com.br\/wp-content\/uploads\/2020\/07\/fotoc-8-e1594866476235-300x228.jpg 300w, https:\/\/diarioregionaldigital.com.br\/wp-content\/uploads\/2020\/07\/fotoc-8-e1594866476235-360x274.jpg 360w\" sizes=\"auto, (max-width: 680px) 100vw, 680px\" \/><p id=\"caption-attachment-164686\" class=\"wp-caption-text\">Um close simples assim, no belo e jovem Igor Matheus<\/p><\/div>\n<div id=\"attachment_164687\" style=\"width: 690px\" class=\"wp-caption aligncenter\"><img loading=\"lazy\" decoding=\"async\" aria-describedby=\"caption-attachment-164687\" class=\"wp-image-164687\" src=\"https:\/\/diarioregionaldigital.com.br\/wp-content\/uploads\/2020\/07\/fotod-9-e1594866511762.jpg\" alt=\"\" width=\"680\" height=\"472\" srcset=\"https:\/\/diarioregionaldigital.com.br\/wp-content\/uploads\/2020\/07\/fotod-9-e1594866511762.jpg 926w, https:\/\/diarioregionaldigital.com.br\/wp-content\/uploads\/2020\/07\/fotod-9-e1594866511762-300x208.jpg 300w, https:\/\/diarioregionaldigital.com.br\/wp-content\/uploads\/2020\/07\/fotod-9-e1594866511762-768x533.jpg 768w, https:\/\/diarioregionaldigital.com.br\/wp-content\/uploads\/2020\/07\/fotod-9-e1594866511762-360x250.jpg 360w, https:\/\/diarioregionaldigital.com.br\/wp-content\/uploads\/2020\/07\/fotod-9-e1594866511762-100x70.jpg 100w\" sizes=\"auto, (max-width: 680px) 100vw, 680px\" \/><p id=\"caption-attachment-164687\" class=\"wp-caption-text\">Em destaque, Marisa Couri com os filhos Thiago e Lucas Vargas<\/p><\/div>\n<div id=\"attachment_164689\" style=\"width: 690px\" class=\"wp-caption aligncenter\"><img loading=\"lazy\" decoding=\"async\" aria-describedby=\"caption-attachment-164689\" class=\"wp-image-164689\" src=\"https:\/\/diarioregionaldigital.com.br\/wp-content\/uploads\/2020\/07\/fotof-8-e1594866573626.jpg\" alt=\"\" width=\"680\" height=\"490\" srcset=\"https:\/\/diarioregionaldigital.com.br\/wp-content\/uploads\/2020\/07\/fotof-8-e1594866573626.jpg 380w, https:\/\/diarioregionaldigital.com.br\/wp-content\/uploads\/2020\/07\/fotof-8-e1594866573626-300x216.jpg 300w, https:\/\/diarioregionaldigital.com.br\/wp-content\/uploads\/2020\/07\/fotof-8-e1594866573626-360x260.jpg 360w\" sizes=\"auto, (max-width: 680px) 100vw, 680px\" \/><p id=\"caption-attachment-164689\" class=\"wp-caption-text\">A cantora do r\u00e1dio Ana Terra, recebeu aplausos antes da pandemia<\/p><\/div>\n<div id=\"attachment_164690\" style=\"width: 690px\" class=\"wp-caption aligncenter\"><img loading=\"lazy\" decoding=\"async\" aria-describedby=\"caption-attachment-164690\" class=\"wp-image-164690\" src=\"https:\/\/diarioregionaldigital.com.br\/wp-content\/uploads\/2020\/07\/fotog-8-e1594866605868.jpg\" alt=\"\" width=\"680\" height=\"501\" srcset=\"https:\/\/diarioregionaldigital.com.br\/wp-content\/uploads\/2020\/07\/fotog-8-e1594866605868.jpg 933w, https:\/\/diarioregionaldigital.com.br\/wp-content\/uploads\/2020\/07\/fotog-8-e1594866605868-300x221.jpg 300w, https:\/\/diarioregionaldigital.com.br\/wp-content\/uploads\/2020\/07\/fotog-8-e1594866605868-768x566.jpg 768w, https:\/\/diarioregionaldigital.com.br\/wp-content\/uploads\/2020\/07\/fotog-8-e1594866605868-360x265.jpg 360w\" sizes=\"auto, (max-width: 680px) 100vw, 680px\" \/><p id=\"caption-attachment-164690\" class=\"wp-caption-text\">O moreno da esta\u00e7\u00e3o Jean Samuca comemora sucesso humor\u00edstico nas redes sociais<\/p><\/div>\n<div id=\"attachment_164691\" style=\"width: 690px\" class=\"wp-caption aligncenter\"><img loading=\"lazy\" decoding=\"async\" aria-describedby=\"caption-attachment-164691\" class=\"wp-image-164691\" src=\"https:\/\/diarioregionaldigital.com.br\/wp-content\/uploads\/2020\/07\/fotoh-9-e1594866644587.jpg\" alt=\"\" width=\"680\" height=\"473\" srcset=\"https:\/\/diarioregionaldigital.com.br\/wp-content\/uploads\/2020\/07\/fotoh-9-e1594866644587.jpg 696w, https:\/\/diarioregionaldigital.com.br\/wp-content\/uploads\/2020\/07\/fotoh-9-e1594866644587-300x210.jpg 300w, https:\/\/diarioregionaldigital.com.br\/wp-content\/uploads\/2020\/07\/fotoh-9-e1594866644587-360x250.jpg 360w, https:\/\/diarioregionaldigital.com.br\/wp-content\/uploads\/2020\/07\/fotoh-9-e1594866644587-100x70.jpg 100w\" sizes=\"auto, (max-width: 680px) 100vw, 680px\" \/><p id=\"caption-attachment-164691\" class=\"wp-caption-text\">Ilustres visitando esta coluna social: a advogada Anna Ede, ladeada do vereador Vagner Oliveira com o saudoso secret\u00e1rio de esportes J\u00falio Gasparete<\/p><\/div>\n<div id=\"attachment_164688\" style=\"width: 690px\" class=\"wp-caption aligncenter\"><img loading=\"lazy\" decoding=\"async\" aria-describedby=\"caption-attachment-164688\" class=\"wp-image-164688\" src=\"https:\/\/diarioregionaldigital.com.br\/wp-content\/uploads\/2020\/07\/fotoe-7-e1594866545303.jpg\" alt=\"\" width=\"680\" height=\"481\" srcset=\"https:\/\/diarioregionaldigital.com.br\/wp-content\/uploads\/2020\/07\/fotoe-7-e1594866545303.jpg 701w, https:\/\/diarioregionaldigital.com.br\/wp-content\/uploads\/2020\/07\/fotoe-7-e1594866545303-300x212.jpg 300w, https:\/\/diarioregionaldigital.com.br\/wp-content\/uploads\/2020\/07\/fotoe-7-e1594866545303-360x255.jpg 360w, https:\/\/diarioregionaldigital.com.br\/wp-content\/uploads\/2020\/07\/fotoe-7-e1594866545303-100x70.jpg 100w\" sizes=\"auto, (max-width: 680px) 100vw, 680px\" \/><p id=\"caption-attachment-164688\" class=\"wp-caption-text\">Antes da pandemia em reuni\u00e3o no Trade Hotel, V\u00e2nia Borato, M\u00e1rcio Almeida, Helenise Machado e Liliane Gonzaga<\/p><\/div>\n<p style=\"text-align: center;\"><strong>FOTOSS\u00cdNTESE<\/strong><\/p>\n<p>Viagens s\u00e3o contraindicadas durante a pandemia. No m\u00eas de julho viajar pode acarretar cont\u00e1gio. Fique de olho.<\/p>\n<p>Causou impacto a Live do segmento Gest\u00e3o e Neg\u00f3cio que o grupo Larch tem promovido no YouTube, O tema Gest\u00e3o do Amanh\u00e3 foi brilhantemente discutido pelo fundador da HSM e coautor do best-seller Gest\u00e3o do Amanh\u00e3 Jos\u00e9 Salibi Neto. Ponto para Luciano Larcher e Grupo Solar.<\/p>\n<p>Correio elegante: abra\u00e7o carinhoso para: Peterson Gomez, Laila Hallack, Mariana Delmonte Rodrigues, Alex Martins, Lenise Pires, Paola Schettino, Leonardo Mansur e Baby Manline.<\/p>\n<p>O vereador Jos\u00e9 M\u00e1rcio Garotinho incentiva o desligamento do programa estadual Minas Consciente. Mas, o secret\u00e1rio estadual de Sa\u00fade, Carlos Eduardo Amaral, bate o p\u00e9 e diz n\u00e3o.<\/p>\n<p>Bancos est\u00e3o rejeitando empr\u00e9stimos a pequenas empresas de Juiz de Fora. Segundo o Sebrae 20% das empresas de com\u00e9rcio e servi\u00e7os podem fechar at\u00e9 dezembro.<\/p>\n<p>S\u00f3cio do Poleiro do Galo, Yoshio Shubo comunica que a restaurante agora somente no espa\u00e7o do Vale do Ip\u00ea, lan\u00e7a card\u00e1pio fitness e op\u00e7\u00e3o de comida pausada para terminar em casa.<\/p>\n<p>Os atletas juiz-foranos Gabriel Ara\u00fajo, Gabriel Schumann, Manuela Ribeiro e Marcus William e o t\u00e9cnico e treinador F\u00e1bio Antunes foram convocados pelo Comit\u00ea Paral\u00edmpico Brasileiro para o evento sub-18 e sub-20 para participar da Semana de Treino On-line. Aplausos.<\/p>\n<p>Bonita e talentosa, a arquiteta Fernanda Rubatino e os m\u00f3veis da Sier assina o projeto do apartamento decorado do \u201cOderon Residence\u201d, em constru\u00e7\u00e3o no bairro Aeroporto.<\/p>\n<p>Para entender: Com as noites frias em Juiz de Fora, eu pelo ao menos, nunca vou me acostumar de que a rua, t\u00e3o fria e solit\u00e1ria, seja o lar de algu\u00e9m morar. Bom dia.<\/p>\n<p><img loading=\"lazy\" decoding=\"async\" class=\"aligncenter size-full wp-image-164694\" src=\"https:\/\/diarioregionaldigital.com.br\/wp-content\/uploads\/2020\/07\/anuncio36-scaled.jpg\" alt=\"\" width=\"2560\" height=\"963\" srcset=\"https:\/\/diarioregionaldigital.com.br\/wp-content\/uploads\/2020\/07\/anuncio36-scaled.jpg 2560w, https:\/\/diarioregionaldigital.com.br\/wp-content\/uploads\/2020\/07\/anuncio36-300x113.jpg 300w, https:\/\/diarioregionaldigital.com.br\/wp-content\/uploads\/2020\/07\/anuncio36-1024x385.jpg 1024w, https:\/\/diarioregionaldigital.com.br\/wp-content\/uploads\/2020\/07\/anuncio36-768x289.jpg 768w, https:\/\/diarioregionaldigital.com.br\/wp-content\/uploads\/2020\/07\/anuncio36-1536x578.jpg 1536w, https:\/\/diarioregionaldigital.com.br\/wp-content\/uploads\/2020\/07\/anuncio36-2048x771.jpg 2048w, https:\/\/diarioregionaldigital.com.br\/wp-content\/uploads\/2020\/07\/anuncio36-360x135.jpg 360w\" sizes=\"auto, (max-width: 2560px) 100vw, 2560px\" \/><\/p>\n<p>&nbsp;<\/p>\n","protected":false},"excerpt":{"rendered":"<p>Um ou Outro O empres\u00e1rio Tito Bessam dono da TNG, varejista presente em quase 500 pontos de vendas no Brasil, tinha praticamente acertada a compra da Forever 21 no Brasil. Veio a pandemia. E o neg\u00f3cio com os americanos foi para o espa\u00e7o. O objetivo de Tito Bessa para a ser a sobreviv\u00eancia da TNG. [&hellip;]<\/p>\n","protected":false},"author":96,"featured_media":164684,"comment_status":"closed","ping_status":"closed","sticky":false,"template":"","format":"standard","meta":{"footnotes":""},"categories":[264],"tags":[],"class_list":["post-164693","post","type-post","status-publish","format-standard","has-post-thumbnail","hentry","category-eduardo-gomes"],"_links":{"self":[{"href":"https:\/\/diarioregionaldigital.com.br\/index.php?rest_route=\/wp\/v2\/posts\/164693","targetHints":{"allow":["GET"]}}],"collection":[{"href":"https:\/\/diarioregionaldigital.com.br\/index.php?rest_route=\/wp\/v2\/posts"}],"about":[{"href":"https:\/\/diarioregionaldigital.com.br\/index.php?rest_route=\/wp\/v2\/types\/post"}],"author":[{"embeddable":true,"href":"https:\/\/diarioregionaldigital.com.br\/index.php?rest_route=\/wp\/v2\/users\/96"}],"replies":[{"embeddable":true,"href":"https:\/\/diarioregionaldigital.com.br\/index.php?rest_route=%2Fwp%2Fv2%2Fcomments&post=164693"}],"version-history":[{"count":0,"href":"https:\/\/diarioregionaldigital.com.br\/index.php?rest_route=\/wp\/v2\/posts\/164693\/revisions"}],"wp:featuredmedia":[{"embeddable":true,"href":"https:\/\/diarioregionaldigital.com.br\/index.php?rest_route=\/wp\/v2\/media\/164684"}],"wp:attachment":[{"href":"https:\/\/diarioregionaldigital.com.br\/index.php?rest_route=%2Fwp%2Fv2%2Fmedia&parent=164693"}],"wp:term":[{"taxonomy":"category","embeddable":true,"href":"https:\/\/diarioregionaldigital.com.br\/index.php?rest_route=%2Fwp%2Fv2%2Fcategories&post=164693"},{"taxonomy":"post_tag","embeddable":true,"href":"https:\/\/diarioregionaldigital.com.br\/index.php?rest_route=%2Fwp%2Fv2%2Ftags&post=164693"}],"curies":[{"name":"wp","href":"https:\/\/api.w.org\/{rel}","templated":true}]}}