{"id":164680,"date":"2020-07-15T18:45:19","date_gmt":"2020-07-15T21:45:19","guid":{"rendered":"https:\/\/diarioregionaldigital.com.br\/?p=164680"},"modified":"2020-07-15T18:45:19","modified_gmt":"2020-07-15T21:45:19","slug":"juiz-de-fora-registra-54-novos-casos-e-totaliza-2-788-pacientes-confirmados-com-covid-19","status":"publish","type":"post","link":"https:\/\/diarioregionaldigital.com.br\/?p=164680","title":{"rendered":"Juiz de Fora registra 54 novos casos e totaliza 2.788 pacientes confirmados com Covid-19"},"content":{"rendered":"<p>A Secretaria de Sa\u00fade (SS) da Prefeitura de Juiz de Fora (PJF), registrou em boletim epidemiol\u00f3gico divulgado nesta quarta-feira (15), mais 54 novos casos confirmados, totalizando 2.778 pacientes diagnosticados com Coronav\u00edrus. Al\u00e9m disso, foram registrados mais quatro mortes no munic\u00edpio, contabilizando 89 \u00f3bitos. O boletim ainda registrou mais 242 novas suspeitas, contabilizando 10.739.<\/p>\n<p><b>\u00d3bitos:<\/b><\/p>\n<p>Mulher, de 43 anos, morreu nessa ter\u00e7a-feira, 14. Comorbidades: Diabetes Mellitus;<\/p>\n<p>Idosa, de 84 anos, morreu no dia 10 julho. Comorbidades: Doen\u00e7a Venosa Cr\u00f4nica (DVC) e Doen\u00e7a Neurol\u00f3gica Cr\u00f4nica (DNC);<\/p>\n<p>Idosa, de 80 anos, morreu nessa ter\u00e7a-feira, 14. Comorbidades: Doen\u00e7a Neurol\u00f3gica Cr\u00f4nica (DNC), Hipertens\u00e3o Arterial Sist\u00eamica (HAS) e Diabetes Mellitus;<\/p>\n<p>Idoso, de 66 anos, morreu nessa ter\u00e7a-feira, 14. Comorbidades: Doen\u00e7a Cardiovascular Cr\u00f4nica (DCC) e Diabetes Mellitus.<\/p>\n<p><strong>Leitos\u00a0<\/strong><\/p>\n<p>Segundo informa\u00e7\u00f5es da PJF, 59,28% dos leitos de enfermaria est\u00e3o ocupados. Al\u00e9m disso, a taxa de ocupa\u00e7\u00e3o nos leitos de UTI est\u00e1 em 67,78% e os leitos do SUS est\u00e3o com 75,15% de ocupa\u00e7\u00e3o.<\/p>\n","protected":false},"excerpt":{"rendered":"<p>A Secretaria de Sa\u00fade (SS) da Prefeitura de Juiz de Fora (PJF), registrou em boletim epidemiol\u00f3gico divulgado nesta quarta-feira (15), mais 54 novos casos confirmados, totalizando 2.778 pacientes diagnosticados com Coronav\u00edrus. Al\u00e9m disso, foram registrados mais quatro mortes no munic\u00edpio, contabilizando 89 \u00f3bitos. O boletim ainda registrou mais 242 novas suspeitas, contabilizando 10.739. \u00d3bitos: Mulher, [&hellip;]<\/p>\n","protected":false},"author":96,"featured_media":162515,"comment_status":"closed","ping_status":"closed","sticky":false,"template":"","format":"standard","meta":{"footnotes":""},"categories":[253,436,440,439],"tags":[],"class_list":["post-164680","post","type-post","status-publish","format-standard","has-post-thumbnail","hentry","category-cidade","category-destaque-da-semana","category-destaques-do-dia","category-ultima-hora"],"_links":{"self":[{"href":"https:\/\/diarioregionaldigital.com.br\/index.php?rest_route=\/wp\/v2\/posts\/164680","targetHints":{"allow":["GET"]}}],"collection":[{"href":"https:\/\/diarioregionaldigital.com.br\/index.php?rest_route=\/wp\/v2\/posts"}],"about":[{"href":"https:\/\/diarioregionaldigital.com.br\/index.php?rest_route=\/wp\/v2\/types\/post"}],"author":[{"embeddable":true,"href":"https:\/\/diarioregionaldigital.com.br\/index.php?rest_route=\/wp\/v2\/users\/96"}],"replies":[{"embeddable":true,"href":"https:\/\/diarioregionaldigital.com.br\/index.php?rest_route=%2Fwp%2Fv2%2Fcomments&post=164680"}],"version-history":[{"count":0,"href":"https:\/\/diarioregionaldigital.com.br\/index.php?rest_route=\/wp\/v2\/posts\/164680\/revisions"}],"wp:featuredmedia":[{"embeddable":true,"href":"https:\/\/diarioregionaldigital.com.br\/index.php?rest_route=\/wp\/v2\/media\/162515"}],"wp:attachment":[{"href":"https:\/\/diarioregionaldigital.com.br\/index.php?rest_route=%2Fwp%2Fv2%2Fmedia&parent=164680"}],"wp:term":[{"taxonomy":"category","embeddable":true,"href":"https:\/\/diarioregionaldigital.com.br\/index.php?rest_route=%2Fwp%2Fv2%2Fcategories&post=164680"},{"taxonomy":"post_tag","embeddable":true,"href":"https:\/\/diarioregionaldigital.com.br\/index.php?rest_route=%2Fwp%2Fv2%2Ftags&post=164680"}],"curies":[{"name":"wp","href":"https:\/\/api.w.org\/{rel}","templated":true}]}}