{"id":164678,"date":"2020-07-15T18:10:21","date_gmt":"2020-07-15T21:10:21","guid":{"rendered":"https:\/\/diarioregionaldigital.com.br\/?p=164678"},"modified":"2020-07-15T18:10:21","modified_gmt":"2020-07-15T21:10:21","slug":"caminhao-furtado-em-conselheiro-lafaiete-e-recuperado-pela-prf","status":"publish","type":"post","link":"https:\/\/diarioregionaldigital.com.br\/?p=164678","title":{"rendered":"Caminh\u00e3o furtado em Conselheiro Lafaiete \u00e9 recuperado pela PRF"},"content":{"rendered":"<p>Um homem de 48 anos, foi ao posto da Pol\u00edcia Rodovi\u00e1ria Federal (PRF), informando que teve seu caminh\u00e3o furtado no Km 606, da BR-040 em Congonhas. Durante rastreamentos, os policiais avistaram o referido ve\u00edculo e deram ordem de parada ao motorista, que n\u00e3o obedeceu e fugiu. <span style=\"font-weight: 400;\">Os agentes realizaram acompanhamento t\u00e1tico ao caminh\u00e3o e na altura do Km 605, o motorista perdeu o controle direcional do ve\u00edculo e saiu da pista, parando sobre a faixa de dom\u00ednio. O suspeito tentou fugir pelo matagal, mas foi contido pelos policiais.<\/span><\/p>\n<p><span style=\"font-weight: 400;\">Ele alegou que recebeu o ve\u00edculo de outro homem, \u00e0s margens da BR 040, pr\u00f3ximo ao Km 627, seu conhecido de Betim, n\u00e3o sabendo precisar mais detalhes sobre ele e que receberia a quantia de R$ 250,00 pelo servi\u00e7o de motorista ap\u00f3s entrega na RMBH. Durante buscas pessoais, foram encontradas duas chaves de boca, um comprovante de pagamento de lanche em estabelecimento comercial pr\u00f3ximo ao local onde o ve\u00edculo foi furtado e um alicate de corte tamanho grande, que teria sido utilizado para o arrombamento da empresa.<\/span><\/p>\n<p>O suspeito relatou que \u00e9 portador de Covid-19 e foi constatado que o mesmo n\u00e3o utilizava m\u00e1scara. Diante dos fatos o autor foi encaminhado <span style=\"font-weight: 400;\">\u00a0\u00e0 Pol\u00edcia Civil de Conselheiro Lafaiete, junto com os materiais, ve\u00edculo e propriet\u00e1rio.\u00a0<\/span><\/p>\n","protected":false},"excerpt":{"rendered":"<p>Um homem de 48 anos, foi ao posto da Pol\u00edcia Rodovi\u00e1ria Federal (PRF), informando que teve seu caminh\u00e3o furtado no Km 606, da BR-040 em Congonhas. Durante rastreamentos, os policiais avistaram o referido ve\u00edculo e deram ordem de parada ao motorista, que n\u00e3o obedeceu e fugiu. Os agentes realizaram acompanhamento t\u00e1tico ao caminh\u00e3o e na [&hellip;]<\/p>\n","protected":false},"author":96,"featured_media":163194,"comment_status":"closed","ping_status":"closed","sticky":false,"template":"","format":"standard","meta":{"footnotes":""},"categories":[301,436,439],"tags":[],"class_list":["post-164678","post","type-post","status-publish","format-standard","has-post-thumbnail","hentry","category-artigos-policiais","category-destaque-da-semana","category-ultima-hora"],"_links":{"self":[{"href":"https:\/\/diarioregionaldigital.com.br\/index.php?rest_route=\/wp\/v2\/posts\/164678","targetHints":{"allow":["GET"]}}],"collection":[{"href":"https:\/\/diarioregionaldigital.com.br\/index.php?rest_route=\/wp\/v2\/posts"}],"about":[{"href":"https:\/\/diarioregionaldigital.com.br\/index.php?rest_route=\/wp\/v2\/types\/post"}],"author":[{"embeddable":true,"href":"https:\/\/diarioregionaldigital.com.br\/index.php?rest_route=\/wp\/v2\/users\/96"}],"replies":[{"embeddable":true,"href":"https:\/\/diarioregionaldigital.com.br\/index.php?rest_route=%2Fwp%2Fv2%2Fcomments&post=164678"}],"version-history":[{"count":0,"href":"https:\/\/diarioregionaldigital.com.br\/index.php?rest_route=\/wp\/v2\/posts\/164678\/revisions"}],"wp:featuredmedia":[{"embeddable":true,"href":"https:\/\/diarioregionaldigital.com.br\/index.php?rest_route=\/wp\/v2\/media\/163194"}],"wp:attachment":[{"href":"https:\/\/diarioregionaldigital.com.br\/index.php?rest_route=%2Fwp%2Fv2%2Fmedia&parent=164678"}],"wp:term":[{"taxonomy":"category","embeddable":true,"href":"https:\/\/diarioregionaldigital.com.br\/index.php?rest_route=%2Fwp%2Fv2%2Fcategories&post=164678"},{"taxonomy":"post_tag","embeddable":true,"href":"https:\/\/diarioregionaldigital.com.br\/index.php?rest_route=%2Fwp%2Fv2%2Ftags&post=164678"}],"curies":[{"name":"wp","href":"https:\/\/api.w.org\/{rel}","templated":true}]}}