{"id":164675,"date":"2020-07-15T18:00:03","date_gmt":"2020-07-15T21:00:03","guid":{"rendered":"https:\/\/diarioregionaldigital.com.br\/?p=164675"},"modified":"2020-07-15T18:00:03","modified_gmt":"2020-07-15T21:00:03","slug":"clinico-geral-pjf-abre-inscricoes-para-contratacao-de-medico-para-hps","status":"publish","type":"post","link":"https:\/\/diarioregionaldigital.com.br\/?p=164675","title":{"rendered":"Cl\u00ednico geral &#8211; PJF abre inscri\u00e7\u00f5es para contrata\u00e7\u00e3o de m\u00e9dico para HPS"},"content":{"rendered":"<p>Est\u00e3o abertas inscri\u00e7\u00f5es para processo seletivo simplificado, visando contrata\u00e7\u00e3o de m\u00e9dicos da \u00e1rea de cl\u00ednica geral, da urg\u00eancia e emerg\u00eancia, para atua\u00e7\u00e3o exclusiva no Hospital de Pronto Socorro \u201cDr. Mozart Geraldo Teixeira\u201d (HPS) &#8211; (Centro de Tratamento Intensivo\/CTI\/Covid) \u2013 Edital n\u00ba 420-SARH (Secretaria de Administra\u00e7\u00e3o e Recursos Humanos). As inscri\u00e7\u00f5es podem ser realizadas at\u00e9 as 23h59 de segunda-feira, 20, no site da Prefeitura de Juiz de Fora (PJF). Para participar \u00e9 necess\u00e1rio possuir curso superior completo de medicina e registro no conselho regional da categoria.<\/p>\n<p>Os t\u00edtulos declarados pelos candidatos dever\u00e3o ser digitalizados e encaminhados exclusivamente para o endere\u00e7o eletr\u00f4nico\/e-mail\u00a0<b>selecao@pjf.mg.gov.br<\/b>\u00a0durante todo o per\u00edodo de inscri\u00e7\u00e3o. Os candidatos dever\u00e3o enviar a documenta\u00e7\u00e3o referente aos t\u00edtulos e a c\u00f3pia do documento de identidade.<\/p>\n<p>Os candidatos ter\u00e3o tamb\u00e9m que cumprir diretrizes estabelecidas no edital, em fun\u00e7\u00e3o das normas do Decreto Municipal n\u00ba 13.975. Considerando a natureza espec\u00edfica da fun\u00e7\u00e3o tempor\u00e1ria a ser exercida e o excepcional interesse p\u00fablico de que se reveste esta contrata\u00e7\u00e3o, os inscritos no edital dever\u00e3o enviar por e-mail declara\u00e7\u00e3o informando n\u00e3o possuir 60 anos ou mais, n\u00e3o ser portador de imunodefici\u00eancia ou doen\u00e7as preexistentes cr\u00f4nicas ou graves e n\u00e3o ser respons\u00e1vel pelo cuidado de uma ou mais pessoas com suspeita ou confirma\u00e7\u00e3o de diagn\u00f3stico de infec\u00e7\u00e3o por covid-19, que habitem a mesma resid\u00eancia, al\u00e9m de n\u00e3o ser gestante e\/ou lactante.<\/p>\n<p><strong>Fonte:\u00a0<\/strong>Assessoria<\/p>\n","protected":false},"excerpt":{"rendered":"<p>Est\u00e3o abertas inscri\u00e7\u00f5es para processo seletivo simplificado, visando contrata\u00e7\u00e3o de m\u00e9dicos da \u00e1rea de cl\u00ednica geral, da urg\u00eancia e emerg\u00eancia, para atua\u00e7\u00e3o exclusiva no Hospital de Pronto Socorro \u201cDr. Mozart Geraldo Teixeira\u201d (HPS) &#8211; (Centro de Tratamento Intensivo\/CTI\/Covid) \u2013 Edital n\u00ba 420-SARH (Secretaria de Administra\u00e7\u00e3o e Recursos Humanos). As inscri\u00e7\u00f5es podem ser realizadas at\u00e9 as [&hellip;]<\/p>\n","protected":false},"author":96,"featured_media":164676,"comment_status":"closed","ping_status":"closed","sticky":false,"template":"","format":"standard","meta":{"footnotes":""},"categories":[253,436,439],"tags":[],"class_list":["post-164675","post","type-post","status-publish","format-standard","has-post-thumbnail","hentry","category-cidade","category-destaque-da-semana","category-ultima-hora"],"_links":{"self":[{"href":"https:\/\/diarioregionaldigital.com.br\/index.php?rest_route=\/wp\/v2\/posts\/164675","targetHints":{"allow":["GET"]}}],"collection":[{"href":"https:\/\/diarioregionaldigital.com.br\/index.php?rest_route=\/wp\/v2\/posts"}],"about":[{"href":"https:\/\/diarioregionaldigital.com.br\/index.php?rest_route=\/wp\/v2\/types\/post"}],"author":[{"embeddable":true,"href":"https:\/\/diarioregionaldigital.com.br\/index.php?rest_route=\/wp\/v2\/users\/96"}],"replies":[{"embeddable":true,"href":"https:\/\/diarioregionaldigital.com.br\/index.php?rest_route=%2Fwp%2Fv2%2Fcomments&post=164675"}],"version-history":[{"count":0,"href":"https:\/\/diarioregionaldigital.com.br\/index.php?rest_route=\/wp\/v2\/posts\/164675\/revisions"}],"wp:featuredmedia":[{"embeddable":true,"href":"https:\/\/diarioregionaldigital.com.br\/index.php?rest_route=\/wp\/v2\/media\/164676"}],"wp:attachment":[{"href":"https:\/\/diarioregionaldigital.com.br\/index.php?rest_route=%2Fwp%2Fv2%2Fmedia&parent=164675"}],"wp:term":[{"taxonomy":"category","embeddable":true,"href":"https:\/\/diarioregionaldigital.com.br\/index.php?rest_route=%2Fwp%2Fv2%2Fcategories&post=164675"},{"taxonomy":"post_tag","embeddable":true,"href":"https:\/\/diarioregionaldigital.com.br\/index.php?rest_route=%2Fwp%2Fv2%2Ftags&post=164675"}],"curies":[{"name":"wp","href":"https:\/\/api.w.org\/{rel}","templated":true}]}}