{"id":164653,"date":"2020-07-15T15:16:59","date_gmt":"2020-07-15T18:16:59","guid":{"rendered":"https:\/\/diarioregionaldigital.com.br\/?p=164653"},"modified":"2020-07-15T15:18:47","modified_gmt":"2020-07-15T18:18:47","slug":"termina-nesta-quarta-matricula-dos-reclassificados-nos-editais-4-e-5-do-pism-e-sisu","status":"publish","type":"post","link":"https:\/\/diarioregionaldigital.com.br\/?p=164653","title":{"rendered":"Termina nesta quarta, matr\u00edcula dos reclassificados nos editais 4 e 5 do Pism e Sisu"},"content":{"rendered":"<p>A segunda etapa da matr\u00edcula dos convocados nos Editais 4 e 5 de Reclassifica\u00e7\u00e3o do\u00a0Programa de Ingresso Seletivo Misto (Pism)\u00a0e do\u00a0Sistema de Sele\u00e7\u00e3o Unificada (Sisu), divulgados, respectivamente, nos dias 11 e 20 de mar\u00e7o, encerra-se nesta quarta-feira, dia 15.<\/p>\n<p>Universidade Federal de Juiz de Fora (UFJF), ap\u00f3s considerar as situa\u00e7\u00f5es at\u00edpicas resultantes da pandemia, decidiu, em vota\u00e7\u00e3o no Conselho Superior (Consu), decidiu realizar o procedimento de forma remota. Os aprovados devem enviar os documentos escaneados, por e-mail.<\/p>\n<p>A segunda etapa da matr\u00edcula dos 237 candidatos convocados ainda \u00e9 referente ao ingresso no primeiro semestre de 2020. A documenta\u00e7\u00e3o exigida deve ser conferida na p\u00e1gina da\u00a0Coordenadoria de Assuntos e Registros Acad\u00eamicos (Cdara). Aqueles que deixarem de enviar o e-mail contendo os documentos no prazo estipulado s\u00e3o considerados desistentes e perdem o direito \u00e0 vaga.<\/p>\n<p>De acordo com a resolu\u00e7\u00e3o\u00a0N\u00ba 18\/2020, os alunos selecionados para as vagas reservadas aos grupos A, B, C, D, ou E devem encaminhar todos os documentos e formul\u00e1rios de forma escaneada. A lista pode ser encontrada no\u00a0Anexo 1 do Regulamento de Matr\u00edcula\u00a0e\u00a0 a documenta\u00e7\u00e3o deve ser enviada para o e-mail\u00a0anexo1geral@ufjf.edu.br.<\/p>\n<p>J\u00e1 os candidatos aprovados nos grupos A e B precisam enviar, adicionalmente, os documentos e formul\u00e1rios listados no\u00a0Anexo 2 do Regulamento de Matr\u00edcula,\u00a0incluindo o formul\u00e1rio de informa\u00e7\u00f5es socioecon\u00f4micas. A documenta\u00e7\u00e3o, tamb\u00e9m escaneada, deve ser encaminhada para o email\u00a0anexo2renda@ufjf.edu.br\u00a0 .<\/p>\n<p>N\u00e3o s\u00e3o aceitos documentos enviados por candidatos convocados atrav\u00e9s de outros editais e somente s\u00e3o consideradas as documenta\u00e7\u00f5es de requerentes que tenham realizado a pr\u00e9-matr\u00edcula on-line, nas datas estipuladas pela\u00a0Cdara.\u00a0O deferimento do candidato \u00e9 condicionado ao atendimento de todos os requisitos estabelecidos no\u00a0regulamento\u00a0e na legisla\u00e7\u00e3o aplic\u00e1vel.<\/p>\n<p><b>Suporte<\/b><\/p>\n<p>Durante o prazo para o procedimento, a\u00a0Central de Atendimento (CAT)\u00a0em Juiz de Fora vai oferecer suporte de\u00a0<em>scanner<\/em>\u00a0e computador para os candidatos que precisem usar algum dos equipamentos para o envio da documenta\u00e7\u00e3o para o ato de matr\u00edcula. Al\u00e9m disso, tamb\u00e9m haver\u00e1 a presen\u00e7a de um representante da\u00a0Cdara\u00a0para dar suporte \u00e0s demandas que forem apresentadas.<\/p>\n<p>\u00c9 recomendado que os interessados agendem um hor\u00e1rio pr\u00e9vio, entre 13h e 17h, para evitar aglomera\u00e7\u00f5es no setor, diante do cen\u00e1rio de pandemia. Os agendamentos devem ser feitos por meio de telefone ou Whatsapp no n\u00famero (32) 2102-3911 ou pelo e-mail\u00a0faleconosco@ufjf.edu.br.<\/p>\n<p>Em Governador Valadares, o suporte ser\u00e1 oferecido pelo Setor de Gradua\u00e7\u00e3o, com agendamento pelo e-mail\u00a0graduacao.gv@ufjf.edu.br.<\/p>\n<p><b>Banca de heteroidentifica\u00e7\u00e3o<\/b><\/p>\n<p>Os candidatos selecionados para as vagas reservadas para negros (pretos ou pardos) e ind\u00edgenas devem, obrigatoriamente, submeter-se \u00e0 Banca de Heteroidentifica\u00e7\u00e3o, que ser\u00e1 realizada na modalidade presencial, em momento posterior \u00e0 matr\u00edcula remota, conforme\u00a0resolu\u00e7\u00e3o aprovada pelo Consu.<\/p>\n<p>Em momento oportuno, esses estudantes ser\u00e3o convocados, atrav\u00e9s do endere\u00e7o eletr\u00f4nico cadastrado no\u00a0Sistema Integrado de Gest\u00e3o Acad\u00eamica (Siga). Informa\u00e7\u00f5es sobre data, hor\u00e1rio e local para o comparecimento para a entrega da \u201cAutodeclara\u00e7\u00e3o para Preto, Pardo e Ind\u00edgena\u201d e participa\u00e7\u00e3o no procedimento de heteroidentifica\u00e7\u00e3o tamb\u00e9m ser\u00e3o divulgadas na p\u00e1gina da\u00a0Cdara.<\/p>\n<p>\u00c9 importante destacar que, enquanto o estudante n\u00e3o for submetido ao procedimento de heteroidentifica\u00e7\u00e3o e for comprovada a condi\u00e7\u00e3o de participante do grupo de reserva de vagas para candidatos autodeclarados pretos, pardos e ind\u00edgenas, a matr\u00edcula n\u00e3o ser\u00e1 efetivada, permanecendo com o status \u201cem an\u00e1lise\u201d.<\/p>\n<p><b>An\u00e1lise de documenta\u00e7\u00e3o<\/b><\/p>\n<p>Em rela\u00e7\u00e3o \u00e0 documenta\u00e7\u00e3o exigida no\u00a0anexo 1 do Regulamento de matr\u00edcula, o resultado ser\u00e1 encaminhado para o e-mail do aluno, at\u00e9 uma semana ap\u00f3s a finaliza\u00e7\u00e3o da data estipulada para envio dos comprovantes. Caso haja alguma pend\u00eancia, o estudante ser\u00e1 informado, individualmente, sobre o novo prazo para a entrega deste documento.<\/p>\n<p>J\u00e1 sobre os documentos pedidos no\u00a0anexo 2 do Regulamento de matr\u00edcula, a resposta da an\u00e1lise segue o cronograma de resultados e recursos a ser divulgado na p\u00e1gina da\u00a0Cdara. Cabe ao candidato acessar o endere\u00e7o eletr\u00f4nico nas datas estipuladas para saber quais as result\u00e2ncias da an\u00e1lise socioecon\u00f4mica.<\/p>\n<p>A interposi\u00e7\u00e3o de recursos contra indeferimento da an\u00e1lise de renda\u00a0(Anexo 2)\u00a0ocorre na modalidade remota, atrav\u00e9s do envio de documentos escaneados por e-mail. Devido \u00e0 excepcionalidade do momento, ser\u00e1 dado prazo especial de 10 dias corridos caso esse requerimento seja necess\u00e1rio.<\/p>\n<p>Ap\u00f3s o envio dos e-mails, contendo os documentos escaneados, o candidato deve receber um e-mail resposta confirmando o recebimento da correspond\u00eancia, por parte do setor respons\u00e1vel, devendo guard\u00e1-lo, pois esse documento \u00e9 a comprova\u00e7\u00e3o de encaminhamento dos comprovantes. Caso o estudante n\u00e3o o receba, deve entrar em contato, pelo e-mail\u00a0duvidasmatricula@ufjf.edu.br, relatando o problema, dentro do prazo estabelecido para envio dos documentos.<\/p>\n<p><b>D\u00favidas<\/b><\/p>\n<p>Em caso de d\u00favidas sobre a documenta\u00e7\u00e3o do\u00a0Anexo 1, o candidato deve, exclusivamente, encaminhar as quest\u00f5es para o e-mail\u00a0duvidasmatricula@ufjf.edu.br. No entanto, se as quest\u00f5es forem sobre o\u00a0Anexo 2, elas s\u00e3o respondidas por meio do endere\u00e7o eletr\u00f4nico\u00a0duvidas.sisuab@ufjf.edu.br.<\/p>\n<p><strong>Fonte:\u00a0<\/strong>Assessoria<\/p>\n","protected":false},"excerpt":{"rendered":"<p>A segunda etapa da matr\u00edcula dos convocados nos Editais 4 e 5 de Reclassifica\u00e7\u00e3o do\u00a0Programa de Ingresso Seletivo Misto (Pism)\u00a0e do\u00a0Sistema de Sele\u00e7\u00e3o Unificada (Sisu), divulgados, respectivamente, nos dias 11 e 20 de mar\u00e7o, encerra-se nesta quarta-feira, dia 15. Universidade Federal de Juiz de Fora (UFJF), ap\u00f3s considerar as situa\u00e7\u00f5es at\u00edpicas resultantes da pandemia, decidiu, [&hellip;]<\/p>\n","protected":false},"author":96,"featured_media":163381,"comment_status":"closed","ping_status":"closed","sticky":false,"template":"","format":"standard","meta":{"footnotes":""},"categories":[253,436,439],"tags":[],"class_list":["post-164653","post","type-post","status-publish","format-standard","has-post-thumbnail","hentry","category-cidade","category-destaque-da-semana","category-ultima-hora"],"_links":{"self":[{"href":"https:\/\/diarioregionaldigital.com.br\/index.php?rest_route=\/wp\/v2\/posts\/164653","targetHints":{"allow":["GET"]}}],"collection":[{"href":"https:\/\/diarioregionaldigital.com.br\/index.php?rest_route=\/wp\/v2\/posts"}],"about":[{"href":"https:\/\/diarioregionaldigital.com.br\/index.php?rest_route=\/wp\/v2\/types\/post"}],"author":[{"embeddable":true,"href":"https:\/\/diarioregionaldigital.com.br\/index.php?rest_route=\/wp\/v2\/users\/96"}],"replies":[{"embeddable":true,"href":"https:\/\/diarioregionaldigital.com.br\/index.php?rest_route=%2Fwp%2Fv2%2Fcomments&post=164653"}],"version-history":[{"count":0,"href":"https:\/\/diarioregionaldigital.com.br\/index.php?rest_route=\/wp\/v2\/posts\/164653\/revisions"}],"wp:featuredmedia":[{"embeddable":true,"href":"https:\/\/diarioregionaldigital.com.br\/index.php?rest_route=\/wp\/v2\/media\/163381"}],"wp:attachment":[{"href":"https:\/\/diarioregionaldigital.com.br\/index.php?rest_route=%2Fwp%2Fv2%2Fmedia&parent=164653"}],"wp:term":[{"taxonomy":"category","embeddable":true,"href":"https:\/\/diarioregionaldigital.com.br\/index.php?rest_route=%2Fwp%2Fv2%2Fcategories&post=164653"},{"taxonomy":"post_tag","embeddable":true,"href":"https:\/\/diarioregionaldigital.com.br\/index.php?rest_route=%2Fwp%2Fv2%2Ftags&post=164653"}],"curies":[{"name":"wp","href":"https:\/\/api.w.org\/{rel}","templated":true}]}}