{"id":164650,"date":"2020-07-15T14:53:10","date_gmt":"2020-07-15T17:53:10","guid":{"rendered":"https:\/\/diarioregionaldigital.com.br\/?p=164650"},"modified":"2020-07-15T14:53:10","modified_gmt":"2020-07-15T17:53:10","slug":"nova-temporada-da-stock-car-comeca-no-dia-26-de-julho-em-goiania","status":"publish","type":"post","link":"https:\/\/diarioregionaldigital.com.br\/?p=164650","title":{"rendered":"Nova temporada da Stock Car come\u00e7a no dia 26 de julho em Goi\u00e2nia"},"content":{"rendered":"<p><span style=\"font-weight: 400;\">A Stock Car, junto com a categoria de acesso Stock Car Light, anunciaram o in\u00edcio da temporada 2020 da principal categoria do automobilismo brasileiro, para o dia 26 de julho no Aut\u00f3dromo Internacional Ayrton Senna, em Goi\u00e2nia. Na pr\u00f3xima semana, ser\u00e1 divulgada a programa\u00e7\u00e3o completa para a primeira etapa da nova temporada.<\/span><\/p>\n<p><span style=\"font-weight: 400;\">A decis\u00e3o foi tomada ap\u00f3s <\/span><span style=\"font-weight: 400;\">a Secretaria da Sa\u00fade do Estado de Goi\u00e1s analisar o protocolo de seguran\u00e7a, referente a pandemia do Coronav\u00edrus, o qual foi produzido pelos organizadores e diante disso, foi aprovado o retorno da Stock Car. Como forma de preven\u00e7\u00e3o \u00e0 propaga\u00e7\u00e3o do Coronav\u00edrus, as provas ser\u00e3o realizadas <\/span><span style=\"font-weight: 400;\">com port\u00f5es fechados para o p\u00fablico e contar\u00e3o com um n\u00famero restrito de profissionais envolvidos com as provas.<\/span><\/p>\n<p><span style=\"font-weight: 400;\">Para Carlos Col, CEO da Vicar, empresa organizadora da Stock Car e da Stock Light, o retorno da categoria \u00e9 um al\u00edvio para os organizadores e que seguir\u00e1 todos os padr\u00f5es de seguran\u00e7a:<\/span><\/p>\n<p><span style=\"font-weight: 400;\">\u201cAt\u00e9 o momento n\u00f3s n\u00e3o hav\u00edamos anunciado nada em rela\u00e7\u00e3o \u00e0 abertura da temporada pois sempre estivemos aguardando a decis\u00e3o das autoridades sanit\u00e1rias locais. Mas estamos felizes agora em poder anunciar que vamos abrir a temporada, seguindo a orienta\u00e7\u00e3o das autoridades e ainda com um protocolo de seguran\u00e7a muito r\u00edgido, que vai possibilitar que trabalhemos dentro de um alto padr\u00e3o de seguran\u00e7a se comparado \u00e0 maioria absoluta das atividades liberadas para o momento\u201d, diz o dirigente.<\/span><\/p>\n<p><span style=\"font-weight: 400;\">Em fun\u00e7\u00e3o da quarentena gerada pelo coronav\u00edrus, a Stock adiou todas as etapas do primeiro semestre e agora retoma sua temporada justamente em Goi\u00e2nia, onde havia planejado iniciar seu campeonato antes da pandemia.<\/span><\/p>\n<p><span style=\"font-weight: 400;\">O in\u00edcio da temporada da Stock Car traz para os f\u00e3s brasileiros do automobilismo uma grande novidade: a principal categoria do pa\u00eds colocar\u00e1 na pista o projeto 2020, que apresenta os dois novos carros a serem utilizados pelos maiores pilotos em atividade no Brasil. O renovado Chevrolet Cruze Stock Car e o estreante Toyota Corolla Stock Car, que entrar\u00e3o na pista com novidades t\u00e9cnicas, visual arrojado baseado nos modelos de rua e o tradicional equil\u00edbrio de desempenho que historicamente tem marcado as temporadas da Stock, tornando-a uma das categorias mais admiradas em todo o mundo pela imprevisibilidade na pista.<\/span><\/p>\n<p>&nbsp;<\/p>\n","protected":false},"excerpt":{"rendered":"<p>A Stock Car, junto com a categoria de acesso Stock Car Light, anunciaram o in\u00edcio da temporada 2020 da principal categoria do automobilismo brasileiro, para o dia 26 de julho no Aut\u00f3dromo Internacional Ayrton Senna, em Goi\u00e2nia. Na pr\u00f3xima semana, ser\u00e1 divulgada a programa\u00e7\u00e3o completa para a primeira etapa da nova temporada. A decis\u00e3o foi [&hellip;]<\/p>\n","protected":false},"author":96,"featured_media":164651,"comment_status":"closed","ping_status":"closed","sticky":false,"template":"","format":"standard","meta":{"footnotes":""},"categories":[436,257,439],"tags":[],"class_list":["post-164650","post","type-post","status-publish","format-standard","has-post-thumbnail","hentry","category-destaque-da-semana","category-esporte","category-ultima-hora"],"_links":{"self":[{"href":"https:\/\/diarioregionaldigital.com.br\/index.php?rest_route=\/wp\/v2\/posts\/164650","targetHints":{"allow":["GET"]}}],"collection":[{"href":"https:\/\/diarioregionaldigital.com.br\/index.php?rest_route=\/wp\/v2\/posts"}],"about":[{"href":"https:\/\/diarioregionaldigital.com.br\/index.php?rest_route=\/wp\/v2\/types\/post"}],"author":[{"embeddable":true,"href":"https:\/\/diarioregionaldigital.com.br\/index.php?rest_route=\/wp\/v2\/users\/96"}],"replies":[{"embeddable":true,"href":"https:\/\/diarioregionaldigital.com.br\/index.php?rest_route=%2Fwp%2Fv2%2Fcomments&post=164650"}],"version-history":[{"count":0,"href":"https:\/\/diarioregionaldigital.com.br\/index.php?rest_route=\/wp\/v2\/posts\/164650\/revisions"}],"wp:featuredmedia":[{"embeddable":true,"href":"https:\/\/diarioregionaldigital.com.br\/index.php?rest_route=\/wp\/v2\/media\/164651"}],"wp:attachment":[{"href":"https:\/\/diarioregionaldigital.com.br\/index.php?rest_route=%2Fwp%2Fv2%2Fmedia&parent=164650"}],"wp:term":[{"taxonomy":"category","embeddable":true,"href":"https:\/\/diarioregionaldigital.com.br\/index.php?rest_route=%2Fwp%2Fv2%2Fcategories&post=164650"},{"taxonomy":"post_tag","embeddable":true,"href":"https:\/\/diarioregionaldigital.com.br\/index.php?rest_route=%2Fwp%2Fv2%2Ftags&post=164650"}],"curies":[{"name":"wp","href":"https:\/\/api.w.org\/{rel}","templated":true}]}}