{"id":164633,"date":"2020-07-15T11:06:39","date_gmt":"2020-07-15T14:06:39","guid":{"rendered":"https:\/\/diarioregionaldigital.com.br\/?p=164633"},"modified":"2020-07-15T11:11:44","modified_gmt":"2020-07-15T14:11:44","slug":"morre-ex-presidente-da-camara-dos-deputados-severino-cavalcanti-fonte-agencia-camara-de-noticias","status":"publish","type":"post","link":"https:\/\/diarioregionaldigital.com.br\/?p=164633","title":{"rendered":"Morre ex-presidente da C\u00e2mara dos Deputados Severino Cavalcanti"},"content":{"rendered":"<p>Morreu nesta manh\u00e3 o ex-presidente da C\u00e2mara dos Deputados Severino Cavalcanti, aos 89 anos.\u00a0 A causa da morte n\u00e3o foi divulgada.<\/p>\n<p>Severino Cavalcanti foi prefeito de Jo\u00e3o Alfredo (PE), de 1964 a 1966, e deputado estadual durante 28 anos com sete mandatos consecutivos (1967-1995). Foi eleito deputado federal por tr\u00eas legislaturas (1995 \u2013 2007). Presidiu a Casa em 2005, por sete meses, e depois renunciou ao mandato.<\/p>\n<p>Na C\u00e2mara foi titular de diversas comiss\u00f5es especiais, entre elas a que analisou a Proposta de Emenda \u00e0 Constitui\u00e7\u00e3o 25\/95, sobre inviolabilidade do direito \u00e0 vida; e a que discutiu a PEC 155\/93, sobre imunidade parlamentar. Tamb\u00e9m fez parte das comiss\u00f5es parlamentares de inqu\u00e9rito sobre ado\u00e7\u00e3o e tr\u00e1fico de crian\u00e7as brasileiras e sobre bingos.<\/p>\n<p>Cavalcanti apresentou ainda diversos projetos de lei, como o PL 2309\/03, que buscava proibir o trabalho externo dos que cumprem pena por crime hediondo, tortura, tr\u00e1fico ou terrorismo; e o PL 1457\/03, que criava o programa de resid\u00eancia nos cursos de Agronomia, Engenharia Florestal e Medicina Veterin\u00e1ria.<\/p>\n<p><strong>Fonte:<\/strong> Ag\u00eancia C\u00e2mara<\/p>\n","protected":false},"excerpt":{"rendered":"<p>Morreu nesta manh\u00e3 o ex-presidente da C\u00e2mara dos Deputados Severino Cavalcanti, aos 89 anos.\u00a0 A causa da morte n\u00e3o foi divulgada. Severino Cavalcanti foi prefeito de Jo\u00e3o Alfredo (PE), de 1964 a 1966, e deputado estadual durante 28 anos com sete mandatos consecutivos (1967-1995). Foi eleito deputado federal por tr\u00eas legislaturas (1995 \u2013 2007). Presidiu [&hellip;]<\/p>\n","protected":false},"author":96,"featured_media":164634,"comment_status":"closed","ping_status":"closed","sticky":false,"template":"","format":"standard","meta":{"footnotes":""},"categories":[436,254,439],"tags":[],"class_list":["post-164633","post","type-post","status-publish","format-standard","has-post-thumbnail","hentry","category-destaque-da-semana","category-politica","category-ultima-hora"],"_links":{"self":[{"href":"https:\/\/diarioregionaldigital.com.br\/index.php?rest_route=\/wp\/v2\/posts\/164633","targetHints":{"allow":["GET"]}}],"collection":[{"href":"https:\/\/diarioregionaldigital.com.br\/index.php?rest_route=\/wp\/v2\/posts"}],"about":[{"href":"https:\/\/diarioregionaldigital.com.br\/index.php?rest_route=\/wp\/v2\/types\/post"}],"author":[{"embeddable":true,"href":"https:\/\/diarioregionaldigital.com.br\/index.php?rest_route=\/wp\/v2\/users\/96"}],"replies":[{"embeddable":true,"href":"https:\/\/diarioregionaldigital.com.br\/index.php?rest_route=%2Fwp%2Fv2%2Fcomments&post=164633"}],"version-history":[{"count":0,"href":"https:\/\/diarioregionaldigital.com.br\/index.php?rest_route=\/wp\/v2\/posts\/164633\/revisions"}],"wp:featuredmedia":[{"embeddable":true,"href":"https:\/\/diarioregionaldigital.com.br\/index.php?rest_route=\/wp\/v2\/media\/164634"}],"wp:attachment":[{"href":"https:\/\/diarioregionaldigital.com.br\/index.php?rest_route=%2Fwp%2Fv2%2Fmedia&parent=164633"}],"wp:term":[{"taxonomy":"category","embeddable":true,"href":"https:\/\/diarioregionaldigital.com.br\/index.php?rest_route=%2Fwp%2Fv2%2Fcategories&post=164633"},{"taxonomy":"post_tag","embeddable":true,"href":"https:\/\/diarioregionaldigital.com.br\/index.php?rest_route=%2Fwp%2Fv2%2Ftags&post=164633"}],"curies":[{"name":"wp","href":"https:\/\/api.w.org\/{rel}","templated":true}]}}