{"id":164624,"date":"2020-07-15T10:55:07","date_gmt":"2020-07-15T13:55:07","guid":{"rendered":"https:\/\/diarioregionaldigital.com.br\/?p=164624"},"modified":"2020-07-15T10:55:07","modified_gmt":"2020-07-15T13:55:07","slug":"igp-10-sobe-191-em-julho-de-2020","status":"publish","type":"post","link":"https:\/\/diarioregionaldigital.com.br\/?p=164624","title":{"rendered":"IGP-10 sobe 1,91% em julho de 2020"},"content":{"rendered":"<p><span style=\"font-weight: 400;\">O \u00cdndice Geral de Pre\u00e7os \u2013 10 (IGP-10) subiu 1,91% em julho. No m\u00eas anterior, o \u00edndice havia apresentado taxa de 1,55%. Com este resultado, o \u00edndice acumula alta de 6,55% no ano e de 8,57% em 12 meses. Em julho de 2019, o \u00edndice subira 0,61% no m\u00eas e acumulava eleva\u00e7\u00e3o de 6,23% em 12 meses.<\/span><\/p>\n<p><span style=\"font-weight: 400;\">\u201cOs tr\u00eas \u00edndices componentes do IGP-10 contribu\u00edram para o avan\u00e7o da taxa deste indicador. A acelera\u00e7\u00e3o do IPA e do IPC contou com a alta dos combust\u00edveis. Ao produtor, o destaque foi o \u00f3leo Diesel (1,11% para 13,71%) e, ao consumidor, a gasolina (-3,49% para 4,17%). J\u00e1 o INCC, avan\u00e7ou por influ\u00eancia dos materiais para instala\u00e7\u00e3o hidr\u00e1ulica (0,32% para 2,10%) e da m\u00e3o de obra, que subiu 0,47%\u201d, afirma Andr\u00e9 Braz, Coordenador dos \u00cdndices de Pre\u00e7os do FGV IBRE.<\/span><\/p>\n<p><span style=\"font-weight: 400;\">O \u00cdndice de Pre\u00e7os ao Produtor Amplo (IPA) subiu 2,54% em julho. No m\u00eas anterior, o \u00edndice havia registrado taxa de 2,35%. Na an\u00e1lise por est\u00e1gios de processamento, os pre\u00e7os dos Bens Finais variaram de 1,95% em junho para 1,02% em julho. A principal contribui\u00e7\u00e3o para este resultado partiu do subgrupo alimentos in natura, cuja taxa passou de 2,89% para -11,63%. O \u00edndice relativo a Bens Finais (ex), que exclui os subgrupos alimentos in natura e combust\u00edveis para o consumo, subiu 1,45% em julho. No m\u00eas anterior, a taxa havia sido 1,10%.<\/span><\/p>\n<p><span style=\"font-weight: 400;\">A taxa do grupo Bens Intermedi\u00e1rios variou de 0,86% em junho para 2,47% em julho. A principal contribui\u00e7\u00e3o para este movimento partiu do subgrupo combust\u00edveis e lubrificantes para a produ\u00e7\u00e3o, cuja taxa passou de 0,22% para 12,30%. O \u00edndice de Bens Intermedi\u00e1rios (ex), obtido ap\u00f3s a exclus\u00e3o do subgrupo combust\u00edveis e lubrificantes para a produ\u00e7\u00e3o, subiu 1,35% em julho, ante 0,94% no m\u00eas anterior.<\/span><\/p>\n<p><span style=\"font-weight: 400;\">O \u00edndice do grupo Mat\u00e9rias-Primas Brutas passou de 4,21% em junho para 4,09% em julho. As principais contribui\u00e7\u00f5es para este recuo partiram dos seguintes itens: min\u00e9rio de ferro (10,42% para 5,78%), soja em gr\u00e3o (6,71% para 5,17%) e cana-de-a\u00e7\u00facar (1,86% para -0,50%). Em sentido ascendente, os movimentos mais relevantes ocorreram nos itens bovinos (1,32% para 8,69%), leite in natura (-0,22% para 8,61%) e aves (5,37% para 10,79%).<\/span><\/p>\n<p><span style=\"font-weight: 400;\">O \u00cdndice de Pre\u00e7os ao Consumidor (IPC) subiu 0,50% em julho. Em junho, o \u00edndice havia apresentado queda de 0,33%. Sete das oito classes de despesa componentes do \u00edndice registraram acr\u00e9scimo em suas taxas de varia\u00e7\u00e3o, com destaque para o grupo Transportes (-1,01% para 1,37%). Nesta classe de despesa, vale citar o comportamento do item gasolina, cuja taxa passou de -3,49% para 4,17%.<\/span><\/p>\n<p><span style=\"font-weight: 400;\">Tamb\u00e9m apresentaram acr\u00e9scimo em suas taxas de varia\u00e7\u00e3o os grupos Educa\u00e7\u00e3o, Leitura e Recrea\u00e7\u00e3o (-2,02% para 0,21%), Habita\u00e7\u00e3o (-0,19% para 0,26%), Sa\u00fade e Cuidados Pessoais (0,18% para 0,40%), Comunica\u00e7\u00e3o (0,19% para 0,60%), Alimenta\u00e7\u00e3o (0,27% para 0,34%) e Vestu\u00e1rio (-0,27% para -0,06%). Nestas classes de despesa, as maiores influ\u00eancias partiram dos seguintes itens: passagem a\u00e9rea (-15,98% para 13,64%), tarifa de eletricidade residencial (-0,98% para -0,09%), medicamentos em geral (0,15% para 1,35%), combo de telefonia, internet e TV por assinatura (0,43% para 1,20%), latic\u00ednios (-0,24% para 2,38%) e roupas (-0,26% para -0,05%).<\/span><\/p>\n<p><span style=\"font-weight: 400;\">Em contrapartida, apenas o grupo Despesas Diversas (0,21% para 0,20%) apresentou decr\u00e9scimo em sua taxa de varia\u00e7\u00e3o. A principal contribui\u00e7\u00e3o para este movimento partiu do item conserto de aparelho telef\u00f4nico celular (1,52% para -0,17%).<\/span><\/p>\n<p><span style=\"font-weight: 400;\">O \u00cdndice Nacional de Custo da Constru\u00e7\u00e3o (INCC) variou 0,62% em julho, ante 0,21% em junho. Os tr\u00eas grupos componentes do INCC registraram as seguintes varia\u00e7\u00f5es na passagem de junho para julho: Materiais e Equipamentos (0,52% para 0,97%), Servi\u00e7os (0,17% para 0,10%) e M\u00e3o de Obra (0,00% para 0,47%).<\/span><\/p>\n<p><strong>Fonte:\u00a0<\/strong>FGV<\/p>\n","protected":false},"excerpt":{"rendered":"<p>O \u00cdndice Geral de Pre\u00e7os \u2013 10 (IGP-10) subiu 1,91% em julho. No m\u00eas anterior, o \u00edndice havia apresentado taxa de 1,55%. Com este resultado, o \u00edndice acumula alta de 6,55% no ano e de 8,57% em 12 meses. Em julho de 2019, o \u00edndice subira 0,61% no m\u00eas e acumulava eleva\u00e7\u00e3o de 6,23% em [&hellip;]<\/p>\n","protected":false},"author":96,"featured_media":164625,"comment_status":"closed","ping_status":"closed","sticky":false,"template":"","format":"standard","meta":{"footnotes":""},"categories":[436,261,439],"tags":[],"class_list":["post-164624","post","type-post","status-publish","format-standard","has-post-thumbnail","hentry","category-destaque-da-semana","category-economia","category-ultima-hora"],"_links":{"self":[{"href":"https:\/\/diarioregionaldigital.com.br\/index.php?rest_route=\/wp\/v2\/posts\/164624","targetHints":{"allow":["GET"]}}],"collection":[{"href":"https:\/\/diarioregionaldigital.com.br\/index.php?rest_route=\/wp\/v2\/posts"}],"about":[{"href":"https:\/\/diarioregionaldigital.com.br\/index.php?rest_route=\/wp\/v2\/types\/post"}],"author":[{"embeddable":true,"href":"https:\/\/diarioregionaldigital.com.br\/index.php?rest_route=\/wp\/v2\/users\/96"}],"replies":[{"embeddable":true,"href":"https:\/\/diarioregionaldigital.com.br\/index.php?rest_route=%2Fwp%2Fv2%2Fcomments&post=164624"}],"version-history":[{"count":0,"href":"https:\/\/diarioregionaldigital.com.br\/index.php?rest_route=\/wp\/v2\/posts\/164624\/revisions"}],"wp:featuredmedia":[{"embeddable":true,"href":"https:\/\/diarioregionaldigital.com.br\/index.php?rest_route=\/wp\/v2\/media\/164625"}],"wp:attachment":[{"href":"https:\/\/diarioregionaldigital.com.br\/index.php?rest_route=%2Fwp%2Fv2%2Fmedia&parent=164624"}],"wp:term":[{"taxonomy":"category","embeddable":true,"href":"https:\/\/diarioregionaldigital.com.br\/index.php?rest_route=%2Fwp%2Fv2%2Fcategories&post=164624"},{"taxonomy":"post_tag","embeddable":true,"href":"https:\/\/diarioregionaldigital.com.br\/index.php?rest_route=%2Fwp%2Fv2%2Ftags&post=164624"}],"curies":[{"name":"wp","href":"https:\/\/api.w.org\/{rel}","templated":true}]}}