{"id":164619,"date":"2020-07-15T10:45:28","date_gmt":"2020-07-15T13:45:28","guid":{"rendered":"https:\/\/diarioregionaldigital.com.br\/?p=164619"},"modified":"2020-07-15T10:45:28","modified_gmt":"2020-07-15T13:45:28","slug":"mansueto-e-exonerado-da-secretaria-do-tesouro-bruno-funchal-e-nomeado","status":"publish","type":"post","link":"https:\/\/diarioregionaldigital.com.br\/?p=164619","title":{"rendered":"Mansueto \u00e9 exonerado da Secretaria do Tesouro; Bruno Funchal \u00e9 nomeado"},"content":{"rendered":"<p>A exonera\u00e7\u00e3o a pedido de Mansueto Almeida do cargo de secret\u00e1rio do Tesouro Nacional est\u00e1 publicada no\u00a0<em>Di\u00e1rio Oficial da Uni\u00e3o<\/em>\u00a0desta quarta-feira (15). Mansueto estava no cargo desde 2018. Ele j\u00e1 havia comunicado ao ministro da Economia, Paulo Guedes, que deixaria o governo.<img decoding=\"async\" src=\"https:\/\/agenciabrasil.ebc.com.br\/ebc.png?id=1311550&amp;o=node\" \/><\/p>\n<p>Em junho, o Minist\u00e9rio da Economia divulgou nota, informando sobre a sa\u00edda do ent\u00e3o secret\u00e1rio do Tesouro. &#8220;O Minist\u00e9rio da Economia agradece a Mansueto Almeida pelo compromisso com a equipe que chegou com o novo governo e por todo trabalho realizado \u00e0 frente do Tesouro Nacional em prol do reequil\u00edbrio das contas do pa\u00eds&#8221;.<\/p>\n<p>O novo secret\u00e1rio do Tesouro Nacional, nomea\u00e7\u00e3o tamb\u00e9m publicada hoje, \u00e9 o economista Bruno Funchal. O nome de Funchal para substituir Mansueto tamb\u00e9m j\u00e1 havia sido\u00a0anunciado pelo minist\u00e9rio.<\/p>\n<p><strong>Fonte:\u00a0<\/strong>Ag\u00eancia Brasil<\/p>\n","protected":false},"excerpt":{"rendered":"<p>A exonera\u00e7\u00e3o a pedido de Mansueto Almeida do cargo de secret\u00e1rio do Tesouro Nacional est\u00e1 publicada no\u00a0Di\u00e1rio Oficial da Uni\u00e3o\u00a0desta quarta-feira (15). Mansueto estava no cargo desde 2018. Ele j\u00e1 havia comunicado ao ministro da Economia, Paulo Guedes, que deixaria o governo. Em junho, o Minist\u00e9rio da Economia divulgou nota, informando sobre a sa\u00edda do [&hellip;]<\/p>\n","protected":false},"author":96,"featured_media":164620,"comment_status":"closed","ping_status":"closed","sticky":false,"template":"","format":"standard","meta":{"footnotes":""},"categories":[436,261,439],"tags":[],"class_list":["post-164619","post","type-post","status-publish","format-standard","has-post-thumbnail","hentry","category-destaque-da-semana","category-economia","category-ultima-hora"],"_links":{"self":[{"href":"https:\/\/diarioregionaldigital.com.br\/index.php?rest_route=\/wp\/v2\/posts\/164619","targetHints":{"allow":["GET"]}}],"collection":[{"href":"https:\/\/diarioregionaldigital.com.br\/index.php?rest_route=\/wp\/v2\/posts"}],"about":[{"href":"https:\/\/diarioregionaldigital.com.br\/index.php?rest_route=\/wp\/v2\/types\/post"}],"author":[{"embeddable":true,"href":"https:\/\/diarioregionaldigital.com.br\/index.php?rest_route=\/wp\/v2\/users\/96"}],"replies":[{"embeddable":true,"href":"https:\/\/diarioregionaldigital.com.br\/index.php?rest_route=%2Fwp%2Fv2%2Fcomments&post=164619"}],"version-history":[{"count":0,"href":"https:\/\/diarioregionaldigital.com.br\/index.php?rest_route=\/wp\/v2\/posts\/164619\/revisions"}],"wp:featuredmedia":[{"embeddable":true,"href":"https:\/\/diarioregionaldigital.com.br\/index.php?rest_route=\/wp\/v2\/media\/164620"}],"wp:attachment":[{"href":"https:\/\/diarioregionaldigital.com.br\/index.php?rest_route=%2Fwp%2Fv2%2Fmedia&parent=164619"}],"wp:term":[{"taxonomy":"category","embeddable":true,"href":"https:\/\/diarioregionaldigital.com.br\/index.php?rest_route=%2Fwp%2Fv2%2Fcategories&post=164619"},{"taxonomy":"post_tag","embeddable":true,"href":"https:\/\/diarioregionaldigital.com.br\/index.php?rest_route=%2Fwp%2Fv2%2Ftags&post=164619"}],"curies":[{"name":"wp","href":"https:\/\/api.w.org\/{rel}","templated":true}]}}