{"id":164616,"date":"2020-07-15T10:41:15","date_gmt":"2020-07-15T13:41:15","guid":{"rendered":"https:\/\/diarioregionaldigital.com.br\/?p=164616"},"modified":"2020-07-15T10:41:15","modified_gmt":"2020-07-15T13:41:15","slug":"ans-decide-se-teste-para-covid-19-e-procedimento-obrigatorio-de-planos","status":"publish","type":"post","link":"https:\/\/diarioregionaldigital.com.br\/?p=164616","title":{"rendered":"ANS decide se teste para covid-19 \u00e9 procedimento obrigat\u00f3rio de planos"},"content":{"rendered":"<p><span style=\"font-weight: 400;\">A Ag\u00eancia Nacional de Sa\u00fade Suplementar (ANS) decide na pr\u00f3xima reuni\u00e3o de diretoria, marcada para esta quinta-feira (16), se o teste para detec\u00e7\u00e3o de covid-19 continua no rol de procedimentos obrigat\u00f3rios dos planos de sa\u00fade. Os exames foram inclu\u00eddos no dia 29 de junho, por causa de uma decis\u00e3o judicial.<\/span><\/p>\n<p><span style=\"font-weight: 400;\">A liminar, no entanto, foi derrubada pelo Tribunal Regional Federal da 5\u00aa Regi\u00e3o (TRF5), a pedido da pr\u00f3pria ANS. A ag\u00eancia informou que entrou com o recurso porque h\u00e1 risco para os benefici\u00e1rios quando se incorporam novas tecnologias sem uma devida an\u00e1lise criteriosa.<\/span><\/p>\n<p><span style=\"font-weight: 400;\">\u201cEstudos e an\u00e1lises de diversas sociedades m\u00e9dicas e de medicina diagn\u00f3stica mostram controv\u00e9rsias t\u00e9cnicas em rela\u00e7\u00e3o aos resultados desse tipo de exame e a possibilidade de ocorr\u00eancia de alto percentual de falso-negativo. Suscitam d\u00favidas tamb\u00e9m quanto ao uso desses exames para o controle epidemiol\u00f3gico da covid-19. A decis\u00e3o do Tribunal Regional Federal da 5\u00aa Regi\u00e3o, portanto, visa a proteger os indiv\u00edduos e promover a sa\u00fade p\u00fablica num cen\u00e1rio ainda incerto em rela\u00e7\u00e3o \u00e0 pandemia\u201d, diz nota da ANS.<\/span><\/p>\n<p><span style=\"font-weight: 400;\">A ag\u00eancia informou que, independentemente das decis\u00f5es judiciais, j\u00e1 faz avalia\u00e7\u00f5es t\u00e9cnicas sobre a incorpora\u00e7\u00e3o de testes sorol\u00f3gicos para o novo coronav\u00edrus no rol de procedimentos.<\/span><\/p>\n<p><span style=\"font-weight: 400;\">Enquanto a diretoria colegiada da ANS n\u00e3o decide sobre o assunto, os testes IgA, IgC e IgM continuam obrigat\u00f3rios em algumas situa\u00e7\u00f5es cl\u00ednicas, como gripe com quadro respirat\u00f3rio agudo (com febre, tosse, dor de garganta, coriza ou dificuldade respirat\u00f3ria) e s\u00edndrome respirat\u00f3ria aguda grave (dificuldade para respirar, press\u00e3o persistente no t\u00f3rax, satura\u00e7\u00e3o de oxig\u00eanio menor que 95% em ar ambiente ou colora\u00e7\u00e3o azulada nos l\u00e1bios e rosto).<\/span><\/p>\n<p><strong>Fonte:<\/strong> Ag\u00eancia Brasil<\/p>\n","protected":false},"excerpt":{"rendered":"<p>A Ag\u00eancia Nacional de Sa\u00fade Suplementar (ANS) decide na pr\u00f3xima reuni\u00e3o de diretoria, marcada para esta quinta-feira (16), se o teste para detec\u00e7\u00e3o de covid-19 continua no rol de procedimentos obrigat\u00f3rios dos planos de sa\u00fade. Os exames foram inclu\u00eddos no dia 29 de junho, por causa de uma decis\u00e3o judicial. A liminar, no entanto, foi [&hellip;]<\/p>\n","protected":false},"author":96,"featured_media":164617,"comment_status":"closed","ping_status":"closed","sticky":false,"template":"","format":"standard","meta":{"footnotes":""},"categories":[302,436,440,439],"tags":[],"class_list":["post-164616","post","type-post","status-publish","format-standard","has-post-thumbnail","hentry","category-brasil-mundo","category-destaque-da-semana","category-destaques-do-dia","category-ultima-hora"],"_links":{"self":[{"href":"https:\/\/diarioregionaldigital.com.br\/index.php?rest_route=\/wp\/v2\/posts\/164616","targetHints":{"allow":["GET"]}}],"collection":[{"href":"https:\/\/diarioregionaldigital.com.br\/index.php?rest_route=\/wp\/v2\/posts"}],"about":[{"href":"https:\/\/diarioregionaldigital.com.br\/index.php?rest_route=\/wp\/v2\/types\/post"}],"author":[{"embeddable":true,"href":"https:\/\/diarioregionaldigital.com.br\/index.php?rest_route=\/wp\/v2\/users\/96"}],"replies":[{"embeddable":true,"href":"https:\/\/diarioregionaldigital.com.br\/index.php?rest_route=%2Fwp%2Fv2%2Fcomments&post=164616"}],"version-history":[{"count":0,"href":"https:\/\/diarioregionaldigital.com.br\/index.php?rest_route=\/wp\/v2\/posts\/164616\/revisions"}],"wp:featuredmedia":[{"embeddable":true,"href":"https:\/\/diarioregionaldigital.com.br\/index.php?rest_route=\/wp\/v2\/media\/164617"}],"wp:attachment":[{"href":"https:\/\/diarioregionaldigital.com.br\/index.php?rest_route=%2Fwp%2Fv2%2Fmedia&parent=164616"}],"wp:term":[{"taxonomy":"category","embeddable":true,"href":"https:\/\/diarioregionaldigital.com.br\/index.php?rest_route=%2Fwp%2Fv2%2Fcategories&post=164616"},{"taxonomy":"post_tag","embeddable":true,"href":"https:\/\/diarioregionaldigital.com.br\/index.php?rest_route=%2Fwp%2Fv2%2Ftags&post=164616"}],"curies":[{"name":"wp","href":"https:\/\/api.w.org\/{rel}","templated":true}]}}