{"id":164613,"date":"2020-07-15T10:34:39","date_gmt":"2020-07-15T13:34:39","guid":{"rendered":"https:\/\/diarioregionaldigital.com.br\/?p=164613"},"modified":"2020-07-15T10:46:51","modified_gmt":"2020-07-15T13:46:51","slug":"covid-19-minas-gerais-registra-mais-3-367-novos-casos-confirmados","status":"publish","type":"post","link":"https:\/\/diarioregionaldigital.com.br\/?p=164613","title":{"rendered":"Covid-19: Minas Gerais registra mais 3.367 novos casos confirmados"},"content":{"rendered":"<p>O boletim epidemiol\u00f3gico divulgado nesta quarta-feira (15) pela Secretaria de Estado da Sa\u00fade de Minas Gerais (SES-MG), aponta que o estado registrou aumento de 3.367 novos casos confirmados por Coronav\u00edrus em 24h. Na compara\u00e7\u00e3o com o boletim de ontem (14), os casos confirmados subiram de 78.643 para 82.010. Al\u00e9m disso, o n\u00famero de mortes confirmadas subiu de 1.688 para 1.752.<\/p>\n<p>Al\u00e9m disso, 56.001 pacientes est\u00e3o recuperados da doen\u00e7a, representando 68,2% dos casos. Conforme o levantamento 24.257 pacientes est\u00e3o sob acompanhamento m\u00e9dico. At\u00e9 ent\u00e3o foram feitos 55.488 testes laboratoriais, sendo que 11.871 deram positivo, 41.038 deram negativo e 1.755 est\u00e3o sob an\u00e1lise.<\/p>\n<p>Confira abaixo a tabela completa com os \u00f3bitos confirmados no estado:<\/p>\n<p><a href=\"https:\/\/diarioregionaldigital.com.br\/wp-content\/uploads\/2020\/07\/OBITOS_CONF_COVID-19_MG_15.07.2020.xls\">OBITOS_CONF_COVID-19_MG_15.07.2020<\/a><\/p>\n","protected":false},"excerpt":{"rendered":"<p>O boletim epidemiol\u00f3gico divulgado nesta quarta-feira (15) pela Secretaria de Estado da Sa\u00fade de Minas Gerais (SES-MG), aponta que o estado registrou aumento de 3.367 novos casos confirmados por Coronav\u00edrus em 24h. Na compara\u00e7\u00e3o com o boletim de ontem (14), os casos confirmados subiram de 78.643 para 82.010. Al\u00e9m disso, o n\u00famero de mortes confirmadas [&hellip;]<\/p>\n","protected":false},"author":96,"featured_media":162518,"comment_status":"closed","ping_status":"closed","sticky":false,"template":"","format":"standard","meta":{"footnotes":""},"categories":[436,440,252,439],"tags":[],"class_list":["post-164613","post","type-post","status-publish","format-standard","has-post-thumbnail","hentry","category-destaque-da-semana","category-destaques-do-dia","category-regiao","category-ultima-hora"],"_links":{"self":[{"href":"https:\/\/diarioregionaldigital.com.br\/index.php?rest_route=\/wp\/v2\/posts\/164613","targetHints":{"allow":["GET"]}}],"collection":[{"href":"https:\/\/diarioregionaldigital.com.br\/index.php?rest_route=\/wp\/v2\/posts"}],"about":[{"href":"https:\/\/diarioregionaldigital.com.br\/index.php?rest_route=\/wp\/v2\/types\/post"}],"author":[{"embeddable":true,"href":"https:\/\/diarioregionaldigital.com.br\/index.php?rest_route=\/wp\/v2\/users\/96"}],"replies":[{"embeddable":true,"href":"https:\/\/diarioregionaldigital.com.br\/index.php?rest_route=%2Fwp%2Fv2%2Fcomments&post=164613"}],"version-history":[{"count":0,"href":"https:\/\/diarioregionaldigital.com.br\/index.php?rest_route=\/wp\/v2\/posts\/164613\/revisions"}],"wp:featuredmedia":[{"embeddable":true,"href":"https:\/\/diarioregionaldigital.com.br\/index.php?rest_route=\/wp\/v2\/media\/162518"}],"wp:attachment":[{"href":"https:\/\/diarioregionaldigital.com.br\/index.php?rest_route=%2Fwp%2Fv2%2Fmedia&parent=164613"}],"wp:term":[{"taxonomy":"category","embeddable":true,"href":"https:\/\/diarioregionaldigital.com.br\/index.php?rest_route=%2Fwp%2Fv2%2Fcategories&post=164613"},{"taxonomy":"post_tag","embeddable":true,"href":"https:\/\/diarioregionaldigital.com.br\/index.php?rest_route=%2Fwp%2Fv2%2Ftags&post=164613"}],"curies":[{"name":"wp","href":"https:\/\/api.w.org\/{rel}","templated":true}]}}