{"id":164594,"date":"2020-07-14T21:16:31","date_gmt":"2020-07-15T00:16:31","guid":{"rendered":"https:\/\/diarioregionaldigital.com.br\/?p=164594"},"modified":"2020-07-14T21:16:31","modified_gmt":"2020-07-15T00:16:31","slug":"covid-19-brasil-tem-418-mil-novos-casos-e-1-300-obitos-em-24h","status":"publish","type":"post","link":"https:\/\/diarioregionaldigital.com.br\/?p=164594","title":{"rendered":"Covid-19: Brasil tem 41,8 mil novos casos e 1.300 \u00f3bitos em 24h"},"content":{"rendered":"<p>A atualiza\u00e7\u00e3o di\u00e1ria divulgada pelo Minist\u00e9rio da Sa\u00fade registrou 41.857 novos casos do novo coronav\u00edrus e 1.300 \u00f3bitos por covid-19 nas \u00faltimas 24 horas.<img decoding=\"async\" src=\"https:\/\/agenciabrasil.ebc.com.br\/ebc.png?id=1311537&amp;o=node\" \/><\/p>\n<p>O total de mortes subiu para 74.133, semelhante \u00e0 popula\u00e7\u00e3o da hist\u00f3rica cidade de Ouro Preto, em Minas Gerais. O resultado marcou um aumento de 1,7% em rela\u00e7\u00e3o a\u00a0<span id=\"OBJ_PREFIX_DWT219_com_zimbra_date\" role=\"link\">ontem(13)<\/span>, quando o balan\u00e7o do minist\u00e9rio trazia 72.833 \u00f3bitos.<\/p>\n<p>J\u00e1 os casos confirmados acumulados desde o in\u00edcio da pandemia chegaram a 1.926.824. Se fosse uma cidade, seria a 9\u00aa mais populosa do pa\u00eds, \u00e0 frente de Recife. A soma representou uma eleva\u00e7\u00e3o de 2,2% sobre o total divulgado\u00a0<span id=\"OBJ_PREFIX_DWT220_com_zimbra_date\" role=\"link\">ontem<\/span>, de 1.884.967 pessoas infectadas.<\/p>\n<p>Aos s\u00e1bados, domingos e segundas-feiras, o n\u00famero registrado di\u00e1rio tende a ser menor pela dificuldade de alimenta\u00e7\u00e3o dos bancos de dados pelas secretarias municipais e estaduais. J\u00e1 \u00e0s\u00a0<span id=\"OBJ_PREFIX_DWT221_com_zimbra_date\" role=\"link\">ter<\/span>\u00e7as-feiras, o quantitativo em geral \u00e9 maior pela atualiza\u00e7\u00e3o dos casos acumulados aos fins de semana.<\/p>\n<p>De acordo com a atualiza\u00e7\u00e3o do Minist\u00e9rio da Sa\u00fade, 643.483 pessoas est\u00e3o em acompanhamento e 1.209.208 se recuperaram da doen\u00e7a. H\u00e1 ainda 3.928 mortes em investiga\u00e7\u00e3o.<\/p>\n<p>A taxa de letalidade (n\u00famero de mortes pelo total de casos) ficou em 3,8%. A mortalidade (quantidade de \u00f3bitos por 100 mil habitantes) atingiu 35,3. A incid\u00eancia dos casos de covid-19 por 100 mil habitantes \u00e9 de\u00a0 916,9.<\/p>\n<p><strong>Covid-19 nos estados<\/strong><\/p>\n<p>Os estados com mais mortes por covid-19 s\u00e3o: S\u00e3o Paulo (18.324), Rio<span id=\"OBJ_PREFIX_DWT222_com_zimbra_date\" role=\"link\">\u00a0de Janeiro<\/span>\u00a0(11.624), Cear\u00e1 (6.977), Pernambuco (5.715) e Par\u00e1 (5.318). As Unidades da Federa\u00e7\u00e3o com menos falecimentos pela pandemia s\u00e3o: Mato Grosso do Sul (177), Tocantins (267), Roraima (398), Acre (436) e Amap\u00e1 (483).<\/p>\n<p>Os estados com mais casos confirmados de covid-19 desde o in\u00edcio da pandemia s\u00e3o: S\u00e3o Paulo (386.607), Cear\u00e1 (139.437), Rio<span id=\"OBJ_PREFIX_DWT223_com_zimbra_date\" role=\"link\">\u00a0de Janeiro<\/span>\u00a0(132.822), Par\u00e1 (128.570) e Bahia (110.029). As Unidades da Federa\u00e7\u00e3o com menos pessoas infectadas registradas s\u00e3o: Mato Grosso do Sul (13.934), Tocantins (15.723), Acre (16.479), Roraima (22.968) e Rond\u00f4nia (27.528).<\/p>\n<p><strong>Fonte:\u00a0<\/strong>Ag\u00eancia Brasil<\/p>\n","protected":false},"excerpt":{"rendered":"<p>A atualiza\u00e7\u00e3o di\u00e1ria divulgada pelo Minist\u00e9rio da Sa\u00fade registrou 41.857 novos casos do novo coronav\u00edrus e 1.300 \u00f3bitos por covid-19 nas \u00faltimas 24 horas. O total de mortes subiu para 74.133, semelhante \u00e0 popula\u00e7\u00e3o da hist\u00f3rica cidade de Ouro Preto, em Minas Gerais. O resultado marcou um aumento de 1,7% em rela\u00e7\u00e3o a\u00a0ontem(13), quando o [&hellip;]<\/p>\n","protected":false},"author":96,"featured_media":164001,"comment_status":"closed","ping_status":"closed","sticky":false,"template":"","format":"standard","meta":{"footnotes":""},"categories":[302,436,440,439],"tags":[],"class_list":["post-164594","post","type-post","status-publish","format-standard","has-post-thumbnail","hentry","category-brasil-mundo","category-destaque-da-semana","category-destaques-do-dia","category-ultima-hora"],"_links":{"self":[{"href":"https:\/\/diarioregionaldigital.com.br\/index.php?rest_route=\/wp\/v2\/posts\/164594","targetHints":{"allow":["GET"]}}],"collection":[{"href":"https:\/\/diarioregionaldigital.com.br\/index.php?rest_route=\/wp\/v2\/posts"}],"about":[{"href":"https:\/\/diarioregionaldigital.com.br\/index.php?rest_route=\/wp\/v2\/types\/post"}],"author":[{"embeddable":true,"href":"https:\/\/diarioregionaldigital.com.br\/index.php?rest_route=\/wp\/v2\/users\/96"}],"replies":[{"embeddable":true,"href":"https:\/\/diarioregionaldigital.com.br\/index.php?rest_route=%2Fwp%2Fv2%2Fcomments&post=164594"}],"version-history":[{"count":0,"href":"https:\/\/diarioregionaldigital.com.br\/index.php?rest_route=\/wp\/v2\/posts\/164594\/revisions"}],"wp:featuredmedia":[{"embeddable":true,"href":"https:\/\/diarioregionaldigital.com.br\/index.php?rest_route=\/wp\/v2\/media\/164001"}],"wp:attachment":[{"href":"https:\/\/diarioregionaldigital.com.br\/index.php?rest_route=%2Fwp%2Fv2%2Fmedia&parent=164594"}],"wp:term":[{"taxonomy":"category","embeddable":true,"href":"https:\/\/diarioregionaldigital.com.br\/index.php?rest_route=%2Fwp%2Fv2%2Fcategories&post=164594"},{"taxonomy":"post_tag","embeddable":true,"href":"https:\/\/diarioregionaldigital.com.br\/index.php?rest_route=%2Fwp%2Fv2%2Ftags&post=164594"}],"curies":[{"name":"wp","href":"https:\/\/api.w.org\/{rel}","templated":true}]}}