{"id":164580,"date":"2020-07-14T18:47:46","date_gmt":"2020-07-14T21:47:46","guid":{"rendered":"https:\/\/diarioregionaldigital.com.br\/?p=164580"},"modified":"2020-07-14T18:47:46","modified_gmt":"2020-07-14T21:47:46","slug":"pjf-divulga-novo-boletim-com-perfil-epidemiologico-de-casos-confirmados-de-covid-19","status":"publish","type":"post","link":"https:\/\/diarioregionaldigital.com.br\/?p=164580","title":{"rendered":"PJF divulga novo boletim com perfil epidemiol\u00f3gico de casos confirmados de covid-19"},"content":{"rendered":"<div id=\"box_texto_noticia\">Nesta ter\u00e7a-feira, 14, a Prefeitura de Juiz de Fora (PJF) divulgou o quinto boletim com perfil epidemiol\u00f3gico de casos confirmados de covid-19, contabilizados apenas os residentes na cidade. Nesta semana, a faixa et\u00e1ria de 20 a 59 anos representa 77,80% do n\u00famero de positivos.<\/p>\n<p>Os bairros que mais registraram casos positivos da doen\u00e7a s\u00e3o: Centro (159), S\u00e3o Mateus (101), S\u00e3o Pedro (82), Benfica (62), Alto dos Passos (54), Santa Helena (48), Bom Pastor (44), Cascatinha (42), Nova Era (41), Paineiras (40), Granbery (34), Bandeirantes (33), Estrela Sul (31), Teixeiras (29), Bairu (26), Granville (26), Monte Castelo (26), Grama (25), Santa Luzia (25), Democrata (24), Jardim Gl\u00f3ria (22) e S\u00e3o Judas Tadeu (22).<\/p>\n<p><b>N\u00fameros de casos<\/b><\/p>\n<p><b>&#8211; At\u00e9 um ano:<\/b>\u00a0dez casos (0,37%)<br \/>\n<b>&#8211; Um a nove anos:<\/b>\u00a050 (1,86%)<br \/>\n<b>&#8211; Dez a 19:<\/b>\u00a061 (2,27%)<br \/>\n<b>&#8211; 20 a 29:<\/b>\u00a0473 (17,62%)<br \/>\n<b>&#8211; 30 a 39:<\/b>\u00a0684 (25,49%)<br \/>\n<b>&#8211; 40 a 49:<\/b>\u00a0500 (18,63%)<br \/>\n<b>&#8211; 50 a 59:<\/b>\u00a0431 (16,06%)<br \/>\n<b>&#8211; 60 ou mais:<\/b>\u00a0474 casos (17,66%)<\/p>\n<p><b>Curados em Juiz de Fora<\/b><\/p>\n<p>Dos 2.683 casos confirmados, 2.088 s\u00e3o considerados como recuperados. Para obter este n\u00famero, o Departamento de Vigil\u00e2ncia Epidemiol\u00f3gica e Ambiental (Dvea) da Secretaria de Sa\u00fade (SS) levou em considera\u00e7\u00e3o todos os pacientes que apresentaram resultado de exame positivo para covid-19 e que venceram os 14 dias de isolamento sem nenhuma intercorr\u00eancia.<\/p><\/div>\n<p><strong>Fonte:\u00a0<\/strong>Assessoria<\/p>\n<div id=\"box_compartilhar\" align=\"right\"><\/div>\n<div align=\"right\"><\/div>\n","protected":false},"excerpt":{"rendered":"<p>Nesta ter\u00e7a-feira, 14, a Prefeitura de Juiz de Fora (PJF) divulgou o quinto boletim com perfil epidemiol\u00f3gico de casos confirmados de covid-19, contabilizados apenas os residentes na cidade. Nesta semana, a faixa et\u00e1ria de 20 a 59 anos representa 77,80% do n\u00famero de positivos. Os bairros que mais registraram casos positivos da doen\u00e7a s\u00e3o: Centro [&hellip;]<\/p>\n","protected":false},"author":96,"featured_media":164258,"comment_status":"closed","ping_status":"closed","sticky":false,"template":"","format":"standard","meta":{"footnotes":""},"categories":[253,436,439],"tags":[],"class_list":["post-164580","post","type-post","status-publish","format-standard","has-post-thumbnail","hentry","category-cidade","category-destaque-da-semana","category-ultima-hora"],"_links":{"self":[{"href":"https:\/\/diarioregionaldigital.com.br\/index.php?rest_route=\/wp\/v2\/posts\/164580","targetHints":{"allow":["GET"]}}],"collection":[{"href":"https:\/\/diarioregionaldigital.com.br\/index.php?rest_route=\/wp\/v2\/posts"}],"about":[{"href":"https:\/\/diarioregionaldigital.com.br\/index.php?rest_route=\/wp\/v2\/types\/post"}],"author":[{"embeddable":true,"href":"https:\/\/diarioregionaldigital.com.br\/index.php?rest_route=\/wp\/v2\/users\/96"}],"replies":[{"embeddable":true,"href":"https:\/\/diarioregionaldigital.com.br\/index.php?rest_route=%2Fwp%2Fv2%2Fcomments&post=164580"}],"version-history":[{"count":0,"href":"https:\/\/diarioregionaldigital.com.br\/index.php?rest_route=\/wp\/v2\/posts\/164580\/revisions"}],"wp:featuredmedia":[{"embeddable":true,"href":"https:\/\/diarioregionaldigital.com.br\/index.php?rest_route=\/wp\/v2\/media\/164258"}],"wp:attachment":[{"href":"https:\/\/diarioregionaldigital.com.br\/index.php?rest_route=%2Fwp%2Fv2%2Fmedia&parent=164580"}],"wp:term":[{"taxonomy":"category","embeddable":true,"href":"https:\/\/diarioregionaldigital.com.br\/index.php?rest_route=%2Fwp%2Fv2%2Fcategories&post=164580"},{"taxonomy":"post_tag","embeddable":true,"href":"https:\/\/diarioregionaldigital.com.br\/index.php?rest_route=%2Fwp%2Fv2%2Ftags&post=164580"}],"curies":[{"name":"wp","href":"https:\/\/api.w.org\/{rel}","templated":true}]}}