{"id":164576,"date":"2020-07-14T18:24:47","date_gmt":"2020-07-14T21:24:47","guid":{"rendered":"https:\/\/diarioregionaldigital.com.br\/?p=164576"},"modified":"2020-07-14T18:24:47","modified_gmt":"2020-07-14T21:24:47","slug":"executivo-tera-prazo-menor-para-prestar-esclarecimentos-a-camara-municipal","status":"publish","type":"post","link":"https:\/\/diarioregionaldigital.com.br\/?p=164576","title":{"rendered":"Executivo ter\u00e1 prazo menor para prestar esclarecimentos \u00e0 C\u00e2mara Municipal"},"content":{"rendered":"<p><span style=\"font-weight: 400;\">A C\u00e2mara Municipal promulgou Emenda \u00e0 Lei Org\u00e2nica n\u00ba 13, de autoria do vereador Sargento Mello, que reduz para 48 horas o prazo para que o Executivo preste informa\u00e7\u00f5es \u00e0 C\u00e2mara Municipal, bem como para ser dada resposta do Legislativo aos requerimentos enviados pelo Executivo enquanto durar o decreto de estado de emerg\u00eancia ou estado de calamidade p\u00fablica no munic\u00edpio. O projeto prev\u00ea ainda que a Prefeitura pode solicitar prorroga\u00e7\u00e3o por mais 48 horas diante da complexidade da mat\u00e9ria ou da dificuldade de obten\u00e7\u00e3o dos dados pleiteados.\u00a0<\/span><\/p>\n<p><span style=\"font-weight: 400;\">\u201cOs prazos regimentais atuais acabam postergando decis\u00f5es importantes. O projeto busca dar maior efetividade ao Poder de Fiscaliza\u00e7\u00e3o desta Casa Legislativa, uma vez que nessas situa\u00e7\u00f5es de anormalidade \u00e9 dado ao Poder Executivo maior flexibiliza\u00e7\u00e3o das leis que regem o direito administrativo para a tomada de decis\u00f5es r\u00e1pidas e imediatas, mas que \u00e0s vezes n\u00e3o obedecem aos princ\u00edpios da administra\u00e7\u00e3o p\u00fablica. E por outro vi\u00e9s, quanto mais informa\u00e7\u00f5es tivermos, mais preparados estaremos para discutir e contribuir com decis\u00f5es importantes que beneficiem nosso mun\u00edcipes\u201d, avalia Sargento Mello Casal.\u00a0<\/span><\/p>\n<p><span style=\"font-weight: 400;\">\u00a0A Emenda acrescentou o par\u00e1grafo \u00fanico ao Art. 47 da Lei Org\u00e2nica Municipal de Juiz de Fora que, em seu inciso XIII, determina os prazos para que o prefeito responda aos questionamentos dos vereadores por meio de pedidos de informa\u00e7\u00e3o em requerimento. Normalmente os prazos s\u00e3o de quinze dias, prorrog\u00e1veis por no m\u00e1ximo 60 dias.<\/span><\/p>\n<p><span style=\"font-weight: 400;\">\u00a0<strong>Fonte:\u00a0<\/strong>Assessoria<\/span><\/p>\n","protected":false},"excerpt":{"rendered":"<p>A C\u00e2mara Municipal promulgou Emenda \u00e0 Lei Org\u00e2nica n\u00ba 13, de autoria do vereador Sargento Mello, que reduz para 48 horas o prazo para que o Executivo preste informa\u00e7\u00f5es \u00e0 C\u00e2mara Municipal, bem como para ser dada resposta do Legislativo aos requerimentos enviados pelo Executivo enquanto durar o decreto de estado de emerg\u00eancia ou estado [&hellip;]<\/p>\n","protected":false},"author":96,"featured_media":164577,"comment_status":"closed","ping_status":"closed","sticky":false,"template":"","format":"standard","meta":{"footnotes":""},"categories":[436,254,439],"tags":[],"class_list":["post-164576","post","type-post","status-publish","format-standard","has-post-thumbnail","hentry","category-destaque-da-semana","category-politica","category-ultima-hora"],"_links":{"self":[{"href":"https:\/\/diarioregionaldigital.com.br\/index.php?rest_route=\/wp\/v2\/posts\/164576","targetHints":{"allow":["GET"]}}],"collection":[{"href":"https:\/\/diarioregionaldigital.com.br\/index.php?rest_route=\/wp\/v2\/posts"}],"about":[{"href":"https:\/\/diarioregionaldigital.com.br\/index.php?rest_route=\/wp\/v2\/types\/post"}],"author":[{"embeddable":true,"href":"https:\/\/diarioregionaldigital.com.br\/index.php?rest_route=\/wp\/v2\/users\/96"}],"replies":[{"embeddable":true,"href":"https:\/\/diarioregionaldigital.com.br\/index.php?rest_route=%2Fwp%2Fv2%2Fcomments&post=164576"}],"version-history":[{"count":0,"href":"https:\/\/diarioregionaldigital.com.br\/index.php?rest_route=\/wp\/v2\/posts\/164576\/revisions"}],"wp:featuredmedia":[{"embeddable":true,"href":"https:\/\/diarioregionaldigital.com.br\/index.php?rest_route=\/wp\/v2\/media\/164577"}],"wp:attachment":[{"href":"https:\/\/diarioregionaldigital.com.br\/index.php?rest_route=%2Fwp%2Fv2%2Fmedia&parent=164576"}],"wp:term":[{"taxonomy":"category","embeddable":true,"href":"https:\/\/diarioregionaldigital.com.br\/index.php?rest_route=%2Fwp%2Fv2%2Fcategories&post=164576"},{"taxonomy":"post_tag","embeddable":true,"href":"https:\/\/diarioregionaldigital.com.br\/index.php?rest_route=%2Fwp%2Fv2%2Ftags&post=164576"}],"curies":[{"name":"wp","href":"https:\/\/api.w.org\/{rel}","templated":true}]}}