{"id":164573,"date":"2020-07-14T18:19:53","date_gmt":"2020-07-14T21:19:53","guid":{"rendered":"https:\/\/diarioregionaldigital.com.br\/?p=164573"},"modified":"2020-07-14T18:26:01","modified_gmt":"2020-07-14T21:26:01","slug":"sindpol-mg-participa-de-audiencia-publica-na-almg","status":"publish","type":"post","link":"https:\/\/diarioregionaldigital.com.br\/?p=164573","title":{"rendered":"Sindpol\/MG participa de audi\u00eancia p\u00fablica na ALMG"},"content":{"rendered":"<p>Na luta contra o pacote imposto pelo governador Romeu Zema, o Sindpol\/MG, juntamente com as demais entidades de classe e servidores da Seguran\u00e7a P\u00fablica, e demais \u00e1reas do Executivo Estadual, participaram na manh\u00e3 desta ter\u00e7a feira (14\/07), de uma audi\u00eancia p\u00fablica, na Assembleia Legislativa de Minas Gerais, para discutir e tra\u00e7ar estrat\u00e9gias para a suspens\u00e3o imediata do tr\u00e2mite das reformas da previd\u00eancia e administrativa.<\/p>\n<p>A audi\u00eancia p\u00fablica foi realizada do lado de fora, enquanto dentro da Assembleia estava acontecendo uma audi\u00eancia virtual. De acordo com os representantes sindicais e os parlamentares, isso n\u00e3o passa de uma afronta aos servidores, pois \u00e9 direito de todos participarem da tramita\u00e7\u00e3o da reforma da previd\u00eancia, e que o governador aproveitou a pandemia para enviar o texto \u00e0 casa legislativa, sendo que os servidores n\u00e3o poderiam acompanhar o tr\u00e2mite da mesma.<\/p>\n<p>O presidente do Sindpol\/MG Jos\u00e9 Maria de Paula \u201cCachimbinho\u201d, agradeceu a participa\u00e7\u00e3o de todos e enfatizou a import\u00e2ncia da uni\u00e3o de todos os policiais civis e demais servidores, e que os sindicatos e associa\u00e7\u00f5es est\u00e3o trabalhando incansavelmente para garantir todos os direitos que foram conquistados com muitas lutas ao longo dos anos.<\/p>\n<p>Foi deliberado que um requerimento ser\u00e1 entregue ao presidente da Assembleia, Agostinho Patrus, exigindo a suspens\u00e3o imediata do tr\u00e2mite da PEC 55\/2020 e do PLC 46\/2020, que trata das reformas da previd\u00eancia e administrativa, at\u00e9 que esteja reestabelecida a situa\u00e7\u00e3o normal, ou seja, depois da abertura dos trabalhos da Assembleia com a participa\u00e7\u00e3o efetiva dos servidores e da popula\u00e7\u00e3o.<\/p>\n<p>Tamb\u00e9m ficou definido que no dia 21\/07 (ter\u00e7a-feira), \u00e0s 8h, em frente a ALMG, haver\u00e1 outra mobiliza\u00e7\u00e3o, e a participa\u00e7\u00e3o de todos \u00e9 de suma import\u00e2ncia.<\/p>\n<p><strong>Mobiliza\u00e7\u00e3o no interior de Minas<\/strong><\/p>\n<p>A dire\u00e7\u00e3o do Sindpol\/MG e servidores da Pol\u00edcia Civil do interior de Minas tamb\u00e9m manifestaram contra a Reforma da Previd\u00eancia. Os atos acontecerem em Itajub\u00e1, Varginha, Pouso Alegre, Lavras, Tr\u00eas Cora\u00e7\u00f5es, Campo Belo, S\u00e3o Louren\u00e7o, Passos, Po\u00e7os de Caldas, Juiz de Fora, Vi\u00e7osa, Muria\u00e9, Governador Valadares, Te\u00f3filo Otoni, Malacacheta, Paracatu, Uberl\u00e2ndia, Uberaba, Montes Claros, Ipatinga, Janu\u00e1ria, Jana\u00faba, Patos de Minas, Una\u00ed, dentre outras cidades.<\/p>\n<p><strong>Fonte:<\/strong> Assessoria<\/p>\n","protected":false},"excerpt":{"rendered":"<p>Na luta contra o pacote imposto pelo governador Romeu Zema, o Sindpol\/MG, juntamente com as demais entidades de classe e servidores da Seguran\u00e7a P\u00fablica, e demais \u00e1reas do Executivo Estadual, participaram na manh\u00e3 desta ter\u00e7a feira (14\/07), de uma audi\u00eancia p\u00fablica, na Assembleia Legislativa de Minas Gerais, para discutir e tra\u00e7ar estrat\u00e9gias para a suspens\u00e3o [&hellip;]<\/p>\n","protected":false},"author":96,"featured_media":164574,"comment_status":"closed","ping_status":"closed","sticky":false,"template":"","format":"standard","meta":{"footnotes":""},"categories":[301,436,439],"tags":[],"class_list":["post-164573","post","type-post","status-publish","format-standard","has-post-thumbnail","hentry","category-artigos-policiais","category-destaque-da-semana","category-ultima-hora"],"_links":{"self":[{"href":"https:\/\/diarioregionaldigital.com.br\/index.php?rest_route=\/wp\/v2\/posts\/164573","targetHints":{"allow":["GET"]}}],"collection":[{"href":"https:\/\/diarioregionaldigital.com.br\/index.php?rest_route=\/wp\/v2\/posts"}],"about":[{"href":"https:\/\/diarioregionaldigital.com.br\/index.php?rest_route=\/wp\/v2\/types\/post"}],"author":[{"embeddable":true,"href":"https:\/\/diarioregionaldigital.com.br\/index.php?rest_route=\/wp\/v2\/users\/96"}],"replies":[{"embeddable":true,"href":"https:\/\/diarioregionaldigital.com.br\/index.php?rest_route=%2Fwp%2Fv2%2Fcomments&post=164573"}],"version-history":[{"count":0,"href":"https:\/\/diarioregionaldigital.com.br\/index.php?rest_route=\/wp\/v2\/posts\/164573\/revisions"}],"wp:featuredmedia":[{"embeddable":true,"href":"https:\/\/diarioregionaldigital.com.br\/index.php?rest_route=\/wp\/v2\/media\/164574"}],"wp:attachment":[{"href":"https:\/\/diarioregionaldigital.com.br\/index.php?rest_route=%2Fwp%2Fv2%2Fmedia&parent=164573"}],"wp:term":[{"taxonomy":"category","embeddable":true,"href":"https:\/\/diarioregionaldigital.com.br\/index.php?rest_route=%2Fwp%2Fv2%2Fcategories&post=164573"},{"taxonomy":"post_tag","embeddable":true,"href":"https:\/\/diarioregionaldigital.com.br\/index.php?rest_route=%2Fwp%2Fv2%2Ftags&post=164573"}],"curies":[{"name":"wp","href":"https:\/\/api.w.org\/{rel}","templated":true}]}}