{"id":164570,"date":"2020-07-14T16:50:44","date_gmt":"2020-07-14T19:50:44","guid":{"rendered":"https:\/\/diarioregionaldigital.com.br\/?p=164570"},"modified":"2020-07-14T16:50:44","modified_gmt":"2020-07-14T19:50:44","slug":"guarda-municipal-socorre-crianca-no-calcadao-e-recolhe-ave-no-parque-halfeld","status":"publish","type":"post","link":"https:\/\/diarioregionaldigital.com.br\/?p=164570","title":{"rendered":"Guarda Municipal socorre crian\u00e7a no Cal\u00e7ad\u00e3o e recolhe ave no Parque Halfeld"},"content":{"rendered":"<p>Equipe Comunit\u00e1ria da Guarda Municipal (GM) de Juiz de Fora, que fazia patrulhamento preventivo no cal\u00e7ad\u00e3o da Rua Halfeld, na tarde de segunda-feira, 13, foi acionada para prestar socorro a uma crian\u00e7a de nove anos, desmaiada, que, apesar de p\u00e1lida e fraca, retomou logo a consci\u00eancia. No entanto, sua m\u00e3e se mostrava muito abalada, sem conseguir contato com o Servi\u00e7o de Atendimento M\u00e9dico de Urg\u00eancia (Samu). Diante da dificuldade, a equipe conduziu m\u00e3e e filho para atendimento hospitalar. A crian\u00e7a n\u00e3o apresentava nenhum trauma, foi avaliada e j\u00e1 estava passando bem.<\/p>\n<p>Na manh\u00e3 de s\u00e1bado, 11, pessoas que passavam pelo Parque Halfeld, solicitaram ajuda da Guarda para socorro a uma ave com dificuldades de voar, encontrada no solo, na \u00e1rea interna do gradil, na parte dos fundos do jardim. Era uma maritaca, que foi recolhida e levada \u00e0 cl\u00ednica veterin\u00e1ria conveniada da Prefeitura de Juiz de Fora (PJF), para avalia\u00e7\u00e3o e cuidados. Ap\u00f3s procedimentos, o p\u00e1ssaro \u00e9 encaminhado ao Instituto Brasileiro de Meio Ambiente (Ibama), para posterior retorno ao seu habitat.<\/p>\n<p>Como \u00f3rg\u00e3o da Secretaria de Seguran\u00e7a Urbana e Cidadania (Sesuc), a atua\u00e7\u00e3o da GM se estende para al\u00e9m da prote\u00e7\u00e3o aos bens, servi\u00e7os e instala\u00e7\u00f5es da administra\u00e7\u00e3o p\u00fablica municipal. No dia a dia de suas atividades, acontecem in\u00fameras situa\u00e7\u00f5es de apoio, orienta\u00e7\u00e3o e socorro. \u00c9 rotineiro, para a corpora\u00e7\u00e3o, agir em socorro a v\u00edtimas de acidentes em via p\u00fablica, pessoas que sofrem mal s\u00fabito ou se encontram desorientadas, e atendimentos e prote\u00e7\u00e3o a animais em risco. O cidad\u00e3o reconhece no guarda uniformizado algu\u00e9m a quem ele pode recorrer, e v\u00ea nele a possibilidade de ajuda em situa\u00e7\u00f5es de emerg\u00eancia.<\/p>\n<p><strong>Fonte:<\/strong> Assessoria<\/p>\n","protected":false},"excerpt":{"rendered":"<p>Equipe Comunit\u00e1ria da Guarda Municipal (GM) de Juiz de Fora, que fazia patrulhamento preventivo no cal\u00e7ad\u00e3o da Rua Halfeld, na tarde de segunda-feira, 13, foi acionada para prestar socorro a uma crian\u00e7a de nove anos, desmaiada, que, apesar de p\u00e1lida e fraca, retomou logo a consci\u00eancia. No entanto, sua m\u00e3e se mostrava muito abalada, sem [&hellip;]<\/p>\n","protected":false},"author":96,"featured_media":164571,"comment_status":"closed","ping_status":"closed","sticky":false,"template":"","format":"standard","meta":{"footnotes":""},"categories":[253,436,439],"tags":[],"class_list":["post-164570","post","type-post","status-publish","format-standard","has-post-thumbnail","hentry","category-cidade","category-destaque-da-semana","category-ultima-hora"],"_links":{"self":[{"href":"https:\/\/diarioregionaldigital.com.br\/index.php?rest_route=\/wp\/v2\/posts\/164570","targetHints":{"allow":["GET"]}}],"collection":[{"href":"https:\/\/diarioregionaldigital.com.br\/index.php?rest_route=\/wp\/v2\/posts"}],"about":[{"href":"https:\/\/diarioregionaldigital.com.br\/index.php?rest_route=\/wp\/v2\/types\/post"}],"author":[{"embeddable":true,"href":"https:\/\/diarioregionaldigital.com.br\/index.php?rest_route=\/wp\/v2\/users\/96"}],"replies":[{"embeddable":true,"href":"https:\/\/diarioregionaldigital.com.br\/index.php?rest_route=%2Fwp%2Fv2%2Fcomments&post=164570"}],"version-history":[{"count":0,"href":"https:\/\/diarioregionaldigital.com.br\/index.php?rest_route=\/wp\/v2\/posts\/164570\/revisions"}],"wp:featuredmedia":[{"embeddable":true,"href":"https:\/\/diarioregionaldigital.com.br\/index.php?rest_route=\/wp\/v2\/media\/164571"}],"wp:attachment":[{"href":"https:\/\/diarioregionaldigital.com.br\/index.php?rest_route=%2Fwp%2Fv2%2Fmedia&parent=164570"}],"wp:term":[{"taxonomy":"category","embeddable":true,"href":"https:\/\/diarioregionaldigital.com.br\/index.php?rest_route=%2Fwp%2Fv2%2Fcategories&post=164570"},{"taxonomy":"post_tag","embeddable":true,"href":"https:\/\/diarioregionaldigital.com.br\/index.php?rest_route=%2Fwp%2Fv2%2Ftags&post=164570"}],"curies":[{"name":"wp","href":"https:\/\/api.w.org\/{rel}","templated":true}]}}