{"id":164567,"date":"2020-07-14T16:49:21","date_gmt":"2020-07-14T19:49:21","guid":{"rendered":"https:\/\/diarioregionaldigital.com.br\/?p=164567"},"modified":"2020-07-14T16:49:21","modified_gmt":"2020-07-14T19:49:21","slug":"settra-conclui-revitalizacao-da-sinalizacao-de-transito-no-bairro-borboleta","status":"publish","type":"post","link":"https:\/\/diarioregionaldigital.com.br\/?p=164567","title":{"rendered":"Settra conclui revitaliza\u00e7\u00e3o da sinaliza\u00e7\u00e3o de tr\u00e2nsito no Bairro Borboleta"},"content":{"rendered":"<p>A Secretaria de Transportes e Tr\u00e2nsito (Settra) concluiu na segunda-feira, 13, a revitaliza\u00e7\u00e3o da sinaliza\u00e7\u00e3o horizontal nas ruas Ant\u00f4nio Fellet e J\u00falio Menini, no Bairro Borboleta. S\u00e3o vias importantes para o transporte p\u00fablico, atendendo \u00e0s linhas 511 e 512 (Dom Bosco\/Borboleta), 514 e 528 (Borboleta\/Cascatinha), 516 (S\u00e3o Pedro\/ Via Borboleta), 526 (Cascatinha\/Vale do Ip\u00ea) e 755 (Zona Norte\/Universidade Federal de Juiz de Fora &#8211; UFJF).<\/p>\n<p>Foram conclu\u00eddos 126 metros quadrados de pintura. A pr\u00f3xima rua a ser atendida ser\u00e1 a Luiz Rocha, no Bairro Eldorado, onde ser\u00e1 realizada a revitaliza\u00e7\u00e3o de toda a sinaliza\u00e7\u00e3o horizontal. A rua atende \u00e0s linhas 125 e 126 (Eldorado\/Jardim Am\u00e9rica), 121 (Nossa Senhora das Gra\u00e7as\/Santa Luzia), 122 (Eldorado\/Jardim de Al\u00e1) e 124 (Eldorado\/Alto Jardim de Al\u00e1). Os servi\u00e7os come\u00e7am nesta ter\u00e7a-feira, 14.<\/p>\n<p><strong>Fonte:<\/strong> Assessoria<\/p>\n","protected":false},"excerpt":{"rendered":"<p>A Secretaria de Transportes e Tr\u00e2nsito (Settra) concluiu na segunda-feira, 13, a revitaliza\u00e7\u00e3o da sinaliza\u00e7\u00e3o horizontal nas ruas Ant\u00f4nio Fellet e J\u00falio Menini, no Bairro Borboleta. S\u00e3o vias importantes para o transporte p\u00fablico, atendendo \u00e0s linhas 511 e 512 (Dom Bosco\/Borboleta), 514 e 528 (Borboleta\/Cascatinha), 516 (S\u00e3o Pedro\/ Via Borboleta), 526 (Cascatinha\/Vale do Ip\u00ea) e [&hellip;]<\/p>\n","protected":false},"author":96,"featured_media":164568,"comment_status":"closed","ping_status":"closed","sticky":false,"template":"","format":"standard","meta":{"footnotes":""},"categories":[253,436,439],"tags":[],"class_list":["post-164567","post","type-post","status-publish","format-standard","has-post-thumbnail","hentry","category-cidade","category-destaque-da-semana","category-ultima-hora"],"_links":{"self":[{"href":"https:\/\/diarioregionaldigital.com.br\/index.php?rest_route=\/wp\/v2\/posts\/164567","targetHints":{"allow":["GET"]}}],"collection":[{"href":"https:\/\/diarioregionaldigital.com.br\/index.php?rest_route=\/wp\/v2\/posts"}],"about":[{"href":"https:\/\/diarioregionaldigital.com.br\/index.php?rest_route=\/wp\/v2\/types\/post"}],"author":[{"embeddable":true,"href":"https:\/\/diarioregionaldigital.com.br\/index.php?rest_route=\/wp\/v2\/users\/96"}],"replies":[{"embeddable":true,"href":"https:\/\/diarioregionaldigital.com.br\/index.php?rest_route=%2Fwp%2Fv2%2Fcomments&post=164567"}],"version-history":[{"count":0,"href":"https:\/\/diarioregionaldigital.com.br\/index.php?rest_route=\/wp\/v2\/posts\/164567\/revisions"}],"wp:featuredmedia":[{"embeddable":true,"href":"https:\/\/diarioregionaldigital.com.br\/index.php?rest_route=\/wp\/v2\/media\/164568"}],"wp:attachment":[{"href":"https:\/\/diarioregionaldigital.com.br\/index.php?rest_route=%2Fwp%2Fv2%2Fmedia&parent=164567"}],"wp:term":[{"taxonomy":"category","embeddable":true,"href":"https:\/\/diarioregionaldigital.com.br\/index.php?rest_route=%2Fwp%2Fv2%2Fcategories&post=164567"},{"taxonomy":"post_tag","embeddable":true,"href":"https:\/\/diarioregionaldigital.com.br\/index.php?rest_route=%2Fwp%2Fv2%2Ftags&post=164567"}],"curies":[{"name":"wp","href":"https:\/\/api.w.org\/{rel}","templated":true}]}}