{"id":164564,"date":"2020-07-14T16:48:08","date_gmt":"2020-07-14T19:48:08","guid":{"rendered":"https:\/\/diarioregionaldigital.com.br\/?p=164564"},"modified":"2020-07-14T16:48:08","modified_gmt":"2020-07-14T19:48:08","slug":"medicos-pjf-abre-inscricoes-para-contratacao-de-clinico-geral","status":"publish","type":"post","link":"https:\/\/diarioregionaldigital.com.br\/?p=164564","title":{"rendered":"M\u00e9dicos &#8211; PJF abre inscri\u00e7\u00f5es para contrata\u00e7\u00e3o de cl\u00ednico geral"},"content":{"rendered":"<p>Est\u00e3o abertas inscri\u00e7\u00f5es para processo seletivo simplificado, visando contrata\u00e7\u00e3o de m\u00e9dicos da \u00e1rea de cl\u00ednica geral, para atendimento cl\u00ednico e na urg\u00eancia e emerg\u00eancia (Edital n\u00ba 418-SARH \u2013 Secretaria de Administra\u00e7\u00e3o e Recursos Humanos). As inscri\u00e7\u00f5es podem ser realizadas at\u00e9 as 23h59 de quinta-feira, 16, no site da Prefeitura de Juiz de Fora (PJF). Para participar \u00e9 necess\u00e1rio possuir curso superior completo de medicina e registro no conselho regional da categoria.<\/p>\n<p>Os t\u00edtulos declarados pelos candidatos dever\u00e3o ser digitalizados e encaminhados exclusivamente para o endere\u00e7o eletr\u00f4nico\/e-mail\u00a0<b>selecao@pjf.mg.gov.br<\/b>\u00a0durante todo o per\u00edodo de inscri\u00e7\u00e3o. Os candidatos dever\u00e3o enviar a documenta\u00e7\u00e3o referente aos t\u00edtulos e a c\u00f3pia do documento de identidade.<\/p>\n<p>Os candidatos devem tamb\u00e9m estar atentos \u00e0s diretrizes estabelecidas no edital, em fun\u00e7\u00e3o das normas do Decreto Municipal n\u00ba 13.975. Considerando a natureza espec\u00edfica da fun\u00e7\u00e3o tempor\u00e1ria a ser exercida e o excepcional interesse p\u00fablico de que se reveste a contrata\u00e7\u00e3o tempor\u00e1ria, os inscritos no edital dever\u00e3o enviar, pelo e-mail, declara\u00e7\u00e3o informando n\u00e3o possuir 60 anos ou mais, n\u00e3o ser portador de imunodefici\u00eancia ou de doen\u00e7as preexistentes cr\u00f4nicas ou graves, n\u00e3o ser respons\u00e1vel pelo cuidado de uma ou mais pessoas com suspeita ou confirma\u00e7\u00e3o de diagn\u00f3stico de infec\u00e7\u00e3o por covid-19, que habitem a mesma resid\u00eancia, al\u00e9m de n\u00e3o ser gestante.<\/p>\n<p><strong>Fonte:\u00a0<\/strong>Assessoria<\/p>\n","protected":false},"excerpt":{"rendered":"<p>Est\u00e3o abertas inscri\u00e7\u00f5es para processo seletivo simplificado, visando contrata\u00e7\u00e3o de m\u00e9dicos da \u00e1rea de cl\u00ednica geral, para atendimento cl\u00ednico e na urg\u00eancia e emerg\u00eancia (Edital n\u00ba 418-SARH \u2013 Secretaria de Administra\u00e7\u00e3o e Recursos Humanos). As inscri\u00e7\u00f5es podem ser realizadas at\u00e9 as 23h59 de quinta-feira, 16, no site da Prefeitura de Juiz de Fora (PJF). Para [&hellip;]<\/p>\n","protected":false},"author":96,"featured_media":164565,"comment_status":"closed","ping_status":"closed","sticky":false,"template":"","format":"standard","meta":{"footnotes":""},"categories":[253,436,439],"tags":[],"class_list":["post-164564","post","type-post","status-publish","format-standard","has-post-thumbnail","hentry","category-cidade","category-destaque-da-semana","category-ultima-hora"],"_links":{"self":[{"href":"https:\/\/diarioregionaldigital.com.br\/index.php?rest_route=\/wp\/v2\/posts\/164564","targetHints":{"allow":["GET"]}}],"collection":[{"href":"https:\/\/diarioregionaldigital.com.br\/index.php?rest_route=\/wp\/v2\/posts"}],"about":[{"href":"https:\/\/diarioregionaldigital.com.br\/index.php?rest_route=\/wp\/v2\/types\/post"}],"author":[{"embeddable":true,"href":"https:\/\/diarioregionaldigital.com.br\/index.php?rest_route=\/wp\/v2\/users\/96"}],"replies":[{"embeddable":true,"href":"https:\/\/diarioregionaldigital.com.br\/index.php?rest_route=%2Fwp%2Fv2%2Fcomments&post=164564"}],"version-history":[{"count":0,"href":"https:\/\/diarioregionaldigital.com.br\/index.php?rest_route=\/wp\/v2\/posts\/164564\/revisions"}],"wp:featuredmedia":[{"embeddable":true,"href":"https:\/\/diarioregionaldigital.com.br\/index.php?rest_route=\/wp\/v2\/media\/164565"}],"wp:attachment":[{"href":"https:\/\/diarioregionaldigital.com.br\/index.php?rest_route=%2Fwp%2Fv2%2Fmedia&parent=164564"}],"wp:term":[{"taxonomy":"category","embeddable":true,"href":"https:\/\/diarioregionaldigital.com.br\/index.php?rest_route=%2Fwp%2Fv2%2Fcategories&post=164564"},{"taxonomy":"post_tag","embeddable":true,"href":"https:\/\/diarioregionaldigital.com.br\/index.php?rest_route=%2Fwp%2Fv2%2Ftags&post=164564"}],"curies":[{"name":"wp","href":"https:\/\/api.w.org\/{rel}","templated":true}]}}