{"id":164558,"date":"2020-07-14T16:35:10","date_gmt":"2020-07-14T19:35:10","guid":{"rendered":"https:\/\/diarioregionaldigital.com.br\/?p=164558"},"modified":"2020-07-14T16:35:10","modified_gmt":"2020-07-14T19:35:10","slug":"mais-146-leitos-de-uti-para-covid-19-habilitados-no-brasil","status":"publish","type":"post","link":"https:\/\/diarioregionaldigital.com.br\/?p=164558","title":{"rendered":"Mais 146 leitos de UTI para Covid-19 habilitados no Brasil"},"content":{"rendered":"<p><span style=\"font-weight: 400;\">A sa\u00fade p\u00fablica brasileira j\u00e1 conta com 9.273 leitos de UTI habilitados pelo Governo do Brasil para tratar exclusivamente pacientes graves ou grav\u00edssimos com Covid-19. Do total, 247 deles s\u00e3o de UTI pedi\u00e1trica. Ao todo, o Minist\u00e9rio da Sa\u00fade fez um aporte na ordem de R$ 1,3 bilh\u00e3o, pago em parcela \u00fanica, para que estados e munic\u00edpios possam custear esses leitos pelos pr\u00f3ximos 90 dias ou enquanto houver necessidade em decorr\u00eancia da pandemia. Na segunda-feira (13), foram habilitados mais 146 leitos de UTI, ao custo de R$ 21 milh\u00f5es. As habilita\u00e7\u00f5es contemplaram munic\u00edpios nos estados do Rio Grande do Norte, Esp\u00edrito Santo e Rio Grande do Sul.<\/span><\/p>\n<p><span style=\"font-weight: 400;\">Os recursos s\u00e3o repassados no ato da publica\u00e7\u00e3o das portarias que autorizam as habilita\u00e7\u00f5es dos leitos no Di\u00e1rio Oficial da Uni\u00e3o. Cada leito recebe o dobro do valor normal do custeio di\u00e1rio para leitos de UTI, passando de R$ 800 para R$ 1.600. S\u00e3o leitos exclusivos para pacientes graves ou grav\u00edssimos com coronav\u00edrus. Os gestores dos estados e munic\u00edpios contemplados recebem o valor antes mesmo da ocupa\u00e7\u00e3o do leito. A medida fortalece o Sistema \u00danico de Sa\u00fade (SUS) e leva atendimento para todos os estados brasileiros, incluindo capitais, munic\u00edpios maiores e, especialmente, pessoas menos protegidas no interior do pa\u00eds.<\/span><\/p>\n<p><span style=\"font-weight: 400;\">Apesar de estados e munic\u00edpios terem autonomia e liberdade para criarem e habilitarem os leitos necess\u00e1rios, o Minist\u00e9rio da Sa\u00fade, em decorr\u00eancia do atual cen\u00e1rio de emerg\u00eancia em sa\u00fade p\u00fablica, tem apoiado irrestritamente as secretarias estaduais e municipais de sa\u00fade e investido diariamente em a\u00e7\u00f5es, servi\u00e7os, infraestrutura e estrat\u00e9gias para auxiliar estados e munic\u00edpios no enfrentamento da doen\u00e7a. Al\u00e9m das habilita\u00e7\u00f5es de leitos, a pasta tamb\u00e9m tem enviado recursos, comprado e distribu\u00eddo insumos, medicamentos, Equipamentos de Prote\u00e7\u00e3o Individual para os profissionais de sa\u00fade, ventiladores pulmonares e testes de diagn\u00f3stico.<\/span><\/p>\n<p><span style=\"font-weight: 400;\">De janeiro a junho, o Minist\u00e9rio da Sa\u00fade enviou R$ 54,7 bilh\u00f5es a estados e munic\u00edpios para o financiamento das a\u00e7\u00f5es e servi\u00e7os p\u00fablicos de sa\u00fade, sendo R$ 9,9 bilh\u00f5es voltados exclusivamente para combate ao coronav\u00edrus. Tamb\u00e9m j\u00e1 foram comprados e distribu\u00eddos 15,5 milh\u00f5es de unidades de medicamentos para auxiliar no tratamento do coronav\u00edrus, 163,3 milh\u00f5es de EPIS, 11,9 milh\u00f5es de testes de diagn\u00f3stico para COVID-19 e 79,9 milh\u00f5es de doses da vacina contra a gripe, que ajuda a diminuir casos de influenza e demais s\u00edndromes respirat\u00f3rias no meio dos casos de coronav\u00edrus. O Minist\u00e9rio da Sa\u00fade, em apoio irrestrito a estados e munic\u00edpios, tamb\u00e9m tem ajudado os gestores locais do SUS na compra e distribui\u00e7\u00e3o de ventiladores pulmonares. A pasta j\u00e1 entregou 6,5 mil equipamentos para todos os estados brasileiros de maio at\u00e9 hoje.<\/span><\/p>\n<p><b>Habilita\u00e7\u00e3o dos leitos Covid-19<\/b><\/p>\n<p><span style=\"font-weight: 400;\">O pedido de habilita\u00e7\u00e3o para o custeio dos leitos COVID-19 \u00e9 feito pelas secretarias estaduais ou municipais de sa\u00fade, que garantem a estrutura necess\u00e1ria para o funcionamento dos leitos. O Minist\u00e9rio da Sa\u00fade, por sua vez, realiza o repasse de recursos destinados \u00e0 manuten\u00e7\u00e3o dos servi\u00e7os por 90 dias ou enquanto houver necessidade de apoio federal devido \u00e0 pandemia.<\/span><\/p>\n<p><span style=\"font-weight: 400;\">No in\u00edcio de abril o Minist\u00e9rio da Sa\u00fade publicou a Portaria n\u00ba 568, que dobrou o valor do custeio di\u00e1rio dos leitos UTI Adulto e Pedi\u00e1trico de R$ 800 para R$ 1,6 mil, em car\u00e1ter excepcional, exclusivamente para o atendimento dos pacientes com coronav\u00edrus. Com isso, esses leitos habilitados temporariamente j\u00e1 come\u00e7am a receber o valor diferenciado do incentivo. Outros pedidos est\u00e3o em an\u00e1lise pela pasta para publica\u00e7\u00e3o a qualquer momento.<\/span><\/p>\n<p><span style=\"font-weight: 400;\">Para solicitar a habilita\u00e7\u00e3o, basta que estados e munic\u00edpios enviem um of\u00edcio ao Minist\u00e9rio da Sa\u00fade solicitando a abertura desses leitos. Os crit\u00e9rios para habilita\u00e7\u00f5es s\u00e3o bem objetivos e simples, para dar celeridade e legalidade na publica\u00e7\u00e3o de portaria habilitando leitos e transferir o recurso necess\u00e1rio o mais r\u00e1pido poss\u00edvel.<\/span><\/p>\n<p><b>Detalhamento das habilita\u00e7\u00f5es de leitos de UTI ADULTO<\/b><span style=\"font-weight: 400;\">\u00a0<\/span><\/p>\n<table>\n<tbody>\n<tr>\n<td><b>UF<\/b><\/td>\n<td><span style=\"font-weight: 400;\">M<\/span><b>UNIC\u00cdPIO<\/b><\/td>\n<td><b>ESTABELECIMENTO<\/b><\/td>\n<td><b>N\u00ba UTI<\/b><\/td>\n<td><b>VALOR<\/b><\/td>\n<\/tr>\n<tr>\n<td><span style=\"font-weight: 400;\">RN<\/span><\/td>\n<td><span style=\"font-weight: 400;\">Mossor\u00f3<\/span><\/td>\n<td><span style=\"font-weight: 400;\">Hospital Maternidade Almeida Castro<\/span><\/td>\n<td><span style=\"font-weight: 400;\">10<\/span><\/td>\n<td><span style=\"font-weight: 400;\"> R$ \u00a0 \u00a0 \u00a0 \u00a0 \u00a0 \u00a0 \u00a0 \u00a0 \u00a0 <\/span> <span style=\"font-weight: 400;\">1.440.000,00<\/span><\/td>\n<\/tr>\n<tr>\n<td><span style=\"font-weight: 400;\">RN<\/span><\/td>\n<td><span style=\"font-weight: 400;\">Natal<\/span><\/td>\n<td><span style=\"font-weight: 400;\">Hospital Dr. Luiz Antonio<\/span><\/td>\n<td><span style=\"font-weight: 400;\">20<\/span><\/td>\n<td><span style=\"font-weight: 400;\"> R$ \u00a0 \u00a0 \u00a0 \u00a0 \u00a0 \u00a0 \u00a0 \u00a0 \u00a0 <\/span> <span style=\"font-weight: 400;\">2.880.000,00<\/span><\/td>\n<\/tr>\n<tr>\n<td><span style=\"font-weight: 400;\">RN<\/span><\/td>\n<td><span style=\"font-weight: 400;\">Parnamirin<\/span><\/td>\n<td><span style=\"font-weight: 400;\">Hospital Maternidade do Divino Amor<\/span><\/td>\n<td><span style=\"font-weight: 400;\">10<\/span><\/td>\n<td><span style=\"font-weight: 400;\"> R$ \u00a0 \u00a0 \u00a0 \u00a0 \u00a0 \u00a0 \u00a0 \u00a0 \u00a0 <\/span> <span style=\"font-weight: 400;\">1.440.000,00<\/span><\/td>\n<\/tr>\n<tr>\n<td><span style=\"font-weight: 400;\">RN<\/span><\/td>\n<td><span style=\"font-weight: 400;\">Pau dos Ferros<\/span><\/td>\n<td><span style=\"font-weight: 400;\">Hospital Regional Dr. Cleodon C. de Andrade<\/span><\/td>\n<td><span style=\"font-weight: 400;\">3<\/span><\/td>\n<td><span style=\"font-weight: 400;\"> R$ \u00a0 \u00a0 \u00a0 \u00a0 \u00a0 \u00a0 \u00a0 \u00a0 \u00a0 \u00a0 \u00a0 <\/span> <span style=\"font-weight: 400;\">432.000,00<\/span><\/td>\n<\/tr>\n<tr>\n<td><span style=\"font-weight: 400;\">ES<\/span><\/td>\n<td><span style=\"font-weight: 400;\">Vila Velha<\/span><\/td>\n<td><span style=\"font-weight: 400;\">HSM LTDA<\/span><\/td>\n<td><span style=\"font-weight: 400;\">20<\/span><\/td>\n<td><span style=\"font-weight: 400;\"> R$ \u00a0 \u00a0 \u00a0 \u00a0 \u00a0 \u00a0 \u00a0 \u00a0 \u00a0 <\/span> <span style=\"font-weight: 400;\">2.880.000,00<\/span><\/td>\n<\/tr>\n<tr>\n<td><span style=\"font-weight: 400;\">ES<\/span><\/td>\n<td><span style=\"font-weight: 400;\">Vitoria<\/span><\/td>\n<td><span style=\"font-weight: 400;\">Hospital Universit\u00e1rio Cassiano Antonio Morais HUCAM<\/span><\/td>\n<td><span style=\"font-weight: 400;\">10<\/span><\/td>\n<td><span style=\"font-weight: 400;\"> R$ \u00a0 \u00a0 \u00a0 \u00a0 \u00a0 \u00a0 \u00a0 \u00a0 \u00a0 <\/span> <span style=\"font-weight: 400;\">1.440.000,00<\/span><\/td>\n<\/tr>\n<tr>\n<td><span style=\"font-weight: 400;\">RS<\/span><\/td>\n<td><span style=\"font-weight: 400;\">Bento Gon\u00e7alves<\/span><\/td>\n<td><span style=\"font-weight: 400;\">Hospital Tacchini<\/span><\/td>\n<td><span style=\"font-weight: 400;\">5<\/span><\/td>\n<td><span style=\"font-weight: 400;\"> R$ \u00a0 \u00a0 \u00a0 \u00a0 \u00a0 \u00a0 \u00a0 \u00a0 \u00a0 \u00a0 \u00a0 <\/span> <span style=\"font-weight: 400;\">720.000,00<\/span><\/td>\n<\/tr>\n<tr>\n<td><span style=\"font-weight: 400;\">RS<\/span><\/td>\n<td><span style=\"font-weight: 400;\">Canoas<\/span><\/td>\n<td><span style=\"font-weight: 400;\">Hospital Pronto Socorro de Canoas Dep. Nelson Marchezan<\/span><\/td>\n<td><span style=\"font-weight: 400;\">5<\/span><\/td>\n<td><span style=\"font-weight: 400;\"> R$ \u00a0 \u00a0 \u00a0 \u00a0 \u00a0 \u00a0 \u00a0 \u00a0 \u00a0 \u00a0 \u00a0 <\/span> <span style=\"font-weight: 400;\">720.000,00<\/span><\/td>\n<\/tr>\n<tr>\n<td><span style=\"font-weight: 400;\">RS<\/span><\/td>\n<td><span style=\"font-weight: 400;\">Carazinho<\/span><\/td>\n<td><span style=\"font-weight: 400;\">Hospital Comunit\u00e1rio de Carazinho<\/span><\/td>\n<td><span style=\"font-weight: 400;\">6<\/span><\/td>\n<td><span style=\"font-weight: 400;\"> R$ \u00a0 \u00a0 \u00a0 \u00a0 \u00a0 \u00a0 \u00a0 \u00a0 \u00a0 \u00a0 \u00a0 <\/span> <span style=\"font-weight: 400;\">864.000,00<\/span><\/td>\n<\/tr>\n<tr>\n<td><span style=\"font-weight: 400;\">RS<\/span><\/td>\n<td><span style=\"font-weight: 400;\">Caxias do Sul<\/span><\/td>\n<td><span style=\"font-weight: 400;\">Hospital Virvi Ramos<\/span><\/td>\n<td><span style=\"font-weight: 400;\">5<\/span><\/td>\n<td><span style=\"font-weight: 400;\"> R$ \u00a0 \u00a0 \u00a0 \u00a0 \u00a0 \u00a0 \u00a0 \u00a0 \u00a0 \u00a0 \u00a0 <\/span> <span style=\"font-weight: 400;\">720.000,00<\/span><\/td>\n<\/tr>\n<tr>\n<td><span style=\"font-weight: 400;\">RS<\/span><\/td>\n<td><span style=\"font-weight: 400;\">Esteio<\/span><\/td>\n<td><span style=\"font-weight: 400;\">Funda\u00e7\u00e3o de Sa\u00fade P\u00fablica S\u00e3o Camilo de Esteio<\/span><\/td>\n<td><span style=\"font-weight: 400;\">6<\/span><\/td>\n<td><span style=\"font-weight: 400;\"> R$ \u00a0 \u00a0 \u00a0 \u00a0 \u00a0 \u00a0 \u00a0 \u00a0 \u00a0 \u00a0 \u00a0 <\/span> <span style=\"font-weight: 400;\">864.000,00<\/span><\/td>\n<\/tr>\n<tr>\n<td><span style=\"font-weight: 400;\">RS<\/span><\/td>\n<td><span style=\"font-weight: 400;\">Santa Cruz do Sul<\/span><\/td>\n<td><span style=\"font-weight: 400;\">Hospital Santa Cruz<\/span><\/td>\n<td><span style=\"font-weight: 400;\">10<\/span><\/td>\n<td><span style=\"font-weight: 400;\"> R$ \u00a0 \u00a0 \u00a0 \u00a0 \u00a0 \u00a0 \u00a0 \u00a0 \u00a0 <\/span> <span style=\"font-weight: 400;\">1.440.000,00<\/span><\/td>\n<\/tr>\n<tr>\n<td><span style=\"font-weight: 400;\">RS<\/span><\/td>\n<td><span style=\"font-weight: 400;\">Santo \u00c2ngelo<\/span><\/td>\n<td><span style=\"font-weight: 400;\">Hospital Santo \u00c2ngelo<\/span><\/td>\n<td><span style=\"font-weight: 400;\">5<\/span><\/td>\n<td><span style=\"font-weight: 400;\"> R$ \u00a0 \u00a0 \u00a0 \u00a0 \u00a0 \u00a0 \u00a0 \u00a0 \u00a0 \u00a0 \u00a0 <\/span> <span style=\"font-weight: 400;\">720.000,00<\/span><\/td>\n<\/tr>\n<tr>\n<td><span style=\"font-weight: 400;\">RS<\/span><\/td>\n<td><span style=\"font-weight: 400;\">S\u00e3o Ger\u00f4nimo<\/span><\/td>\n<td><span style=\"font-weight: 400;\">HCSJ Hospital de Caridade S\u00e3o Ger\u00f4nimo<\/span><\/td>\n<td><span style=\"font-weight: 400;\">10<\/span><\/td>\n<td><span style=\"font-weight: 400;\"> R$ \u00a0 \u00a0 \u00a0 \u00a0 \u00a0 \u00a0 \u00a0 \u00a0 \u00a0 <\/span> <span style=\"font-weight: 400;\">1.440.000,00<\/span><\/td>\n<\/tr>\n<tr>\n<td><span style=\"font-weight: 400;\">RS<\/span><\/td>\n<td><span style=\"font-weight: 400;\">S\u00e3o Leopoldo<\/span><\/td>\n<td><span style=\"font-weight: 400;\">Hospital Centen\u00e1rio<\/span><\/td>\n<td><span style=\"font-weight: 400;\">5<\/span><\/td>\n<td><span style=\"font-weight: 400;\"> R$ \u00a0 \u00a0 \u00a0 \u00a0 \u00a0 \u00a0 \u00a0 \u00a0 \u00a0 \u00a0 \u00a0 <\/span> <span style=\"font-weight: 400;\">720.000,00<\/span><\/td>\n<\/tr>\n<tr>\n<td><span style=\"font-weight: 400;\">RS<\/span><\/td>\n<td><span style=\"font-weight: 400;\">Uruguaiana<\/span><\/td>\n<td><span style=\"font-weight: 400;\">Santa Casa de Uruguaiana<\/span><\/td>\n<td><span style=\"font-weight: 400;\">8<\/span><\/td>\n<td><span style=\"font-weight: 400;\"> R$ \u00a0 \u00a0 \u00a0 \u00a0 \u00a0 \u00a0 \u00a0 \u00a0 \u00a0 <\/span> <span style=\"font-weight: 400;\">1.152.000,00<\/span><\/td>\n<\/tr>\n<tr>\n<td><span style=\"font-weight: 400;\">RS<\/span><\/td>\n<td><span style=\"font-weight: 400;\">Vacarin<\/span><\/td>\n<td><span style=\"font-weight: 400;\">Hospital Nossa Senhora Oliveira<\/span><\/td>\n<td><span style=\"font-weight: 400;\">8<\/span><\/td>\n<td><span style=\"font-weight: 400;\"> R$ \u00a0 \u00a0 \u00a0 \u00a0 \u00a0 \u00a0 \u00a0 \u00a0 \u00a0 <\/span> <span style=\"font-weight: 400;\">1.152.000,00<\/span><\/td>\n<\/tr>\n<\/tbody>\n<\/table>\n<p><strong>Fonte:<\/strong> Ag\u00eancia Sa\u00fade<\/p>\n","protected":false},"excerpt":{"rendered":"<p>A sa\u00fade p\u00fablica brasileira j\u00e1 conta com 9.273 leitos de UTI habilitados pelo Governo do Brasil para tratar exclusivamente pacientes graves ou grav\u00edssimos com Covid-19. Do total, 247 deles s\u00e3o de UTI pedi\u00e1trica. Ao todo, o Minist\u00e9rio da Sa\u00fade fez um aporte na ordem de R$ 1,3 bilh\u00e3o, pago em parcela \u00fanica, para que estados [&hellip;]<\/p>\n","protected":false},"author":96,"featured_media":164559,"comment_status":"closed","ping_status":"closed","sticky":false,"template":"","format":"standard","meta":{"footnotes":""},"categories":[302,436,439],"tags":[],"class_list":["post-164558","post","type-post","status-publish","format-standard","has-post-thumbnail","hentry","category-brasil-mundo","category-destaque-da-semana","category-ultima-hora"],"_links":{"self":[{"href":"https:\/\/diarioregionaldigital.com.br\/index.php?rest_route=\/wp\/v2\/posts\/164558","targetHints":{"allow":["GET"]}}],"collection":[{"href":"https:\/\/diarioregionaldigital.com.br\/index.php?rest_route=\/wp\/v2\/posts"}],"about":[{"href":"https:\/\/diarioregionaldigital.com.br\/index.php?rest_route=\/wp\/v2\/types\/post"}],"author":[{"embeddable":true,"href":"https:\/\/diarioregionaldigital.com.br\/index.php?rest_route=\/wp\/v2\/users\/96"}],"replies":[{"embeddable":true,"href":"https:\/\/diarioregionaldigital.com.br\/index.php?rest_route=%2Fwp%2Fv2%2Fcomments&post=164558"}],"version-history":[{"count":0,"href":"https:\/\/diarioregionaldigital.com.br\/index.php?rest_route=\/wp\/v2\/posts\/164558\/revisions"}],"wp:featuredmedia":[{"embeddable":true,"href":"https:\/\/diarioregionaldigital.com.br\/index.php?rest_route=\/wp\/v2\/media\/164559"}],"wp:attachment":[{"href":"https:\/\/diarioregionaldigital.com.br\/index.php?rest_route=%2Fwp%2Fv2%2Fmedia&parent=164558"}],"wp:term":[{"taxonomy":"category","embeddable":true,"href":"https:\/\/diarioregionaldigital.com.br\/index.php?rest_route=%2Fwp%2Fv2%2Fcategories&post=164558"},{"taxonomy":"post_tag","embeddable":true,"href":"https:\/\/diarioregionaldigital.com.br\/index.php?rest_route=%2Fwp%2Fv2%2Ftags&post=164558"}],"curies":[{"name":"wp","href":"https:\/\/api.w.org\/{rel}","templated":true}]}}