{"id":164542,"date":"2020-07-14T15:25:21","date_gmt":"2020-07-14T18:25:21","guid":{"rendered":"https:\/\/diarioregionaldigital.com.br\/?p=164542"},"modified":"2020-07-14T15:25:21","modified_gmt":"2020-07-14T18:25:21","slug":"caso-conquiste-campeonato-espanhol-nesta-rodada-real-madrid-pede-para-que-os-torcedores-nao-vao-as-ruas-para-comemorar","status":"publish","type":"post","link":"https:\/\/diarioregionaldigital.com.br\/?p=164542","title":{"rendered":"Caso conquiste Campeonato Espanhol nesta rodada, Real Madrid pede para que os torcedores n\u00e3o v\u00e3o \u00e0s ruas para comemorar"},"content":{"rendered":"<p><span style=\"font-weight: 400;\">Perto de conquistar o Campeonato Espanhol pela 34\u00aa vez, o Real Madrid divulgou um comunicado oficial, pedindo para que os torcedores n\u00e3o saem \u00e0s ruas para comemorar o t\u00edtulo, a fim de evitar aglomera\u00e7\u00f5es e propaga\u00e7\u00e3o do Coronav\u00edrus, principalmente na Pra\u00e7a Cibeles, onde o clube faz suas tradicionais comemora\u00e7\u00f5es.<\/span><\/p>\n<p><span style=\"font-weight: 400;\">Al\u00e9m disso, o prefeito da capital Madrid, Jos\u00e9 Luis Mart\u00ednez Almeida, anunciou que ser\u00e1 feito isolamento da Pra\u00e7a Cibeles para evitar aglomera\u00e7\u00e3o semelhante \u00e0 da torcida do C\u00e1diz no \u00faltimo fim de semana, que subiu de divis\u00e3o:<\/span><\/p>\n<p><span style=\"font-weight: 400;\">\u201cDefendemos que a celebra\u00e7\u00e3o n\u00e3o seja na Cibeles, que n\u00e3o se fa\u00e7a aglomera\u00e7\u00f5es, que as celebra\u00e7\u00f5es sejam nas varandas. Que estiquem as bandeiras do Real Madrid nos balc\u00f5es, com aplausos. Mas, na medida do poss\u00edvel, de verdade, que as pessoas n\u00e3o se aproximem da (pra\u00e7a) Cibeles\u201d.<\/span><\/p>\n<p><span style=\"font-weight: 400;\">No comunicado oficial, o Real Madrid explica sobre a quest\u00e3o do isolamento e faz agradecimento aos torcedores pela compreens\u00e3o sobre a import\u00e2ncia de evitar aglomera\u00e7\u00f5es nas ruas, caso o time seja campe\u00e3o:<\/span><\/p>\n<p><i><span style=\"font-weight: 400;\">1.- Estamos todos cientes da situa\u00e7\u00e3o dif\u00edcil que estamos enfrentando e dos esfor\u00e7os que est\u00e3o sendo feitos em toda a sociedade para combater o impacto da pandemia do COVID-19. O futebol tamb\u00e9m est\u00e1 fazendo parte disso e, com a ajuda de todos, conseguimos retomar a competi\u00e7\u00e3o em circunst\u00e2ncias extremamente complexas.<\/span><\/i><\/p>\n<p><i><span style=\"font-weight: 400;\">2.- Com apenas duas jornadas da temporada da LaLiga a serem disputadas, tanto a nossa equipe quanto o FC Barcelona t\u00eam a chance de ser campe\u00f5es.<\/span><\/i><\/p>\n<p><i><span style=\"font-weight: 400;\">3.- No caso de o Real Madrid ser coroado campe\u00e3o, nossos jogadores n\u00e3o visitar\u00e3o os pontos habituais de comemora\u00e7\u00e3o, em particular a Plaza de Cibeles e, portanto, tamb\u00e9m pedimos aos membros e torcedores do nosso clube que, no caso de garantirmos a t\u00edtulo, eles n\u00e3o se reuniram nesses lugares. Nesse sentido, todos n\u00f3s devemos dar uma contribui\u00e7\u00e3o, como tem sido o caso at\u00e9 hoje, e mostrar a m\u00e1xima responsabilidade de evitar o risco de cont\u00e1gio.<\/span><\/i><\/p>\n<p><i><span style=\"font-weight: 400;\">4.- O Real Madrid agradece antecipadamente aos nossos membros e apoiadores por sua compreens\u00e3o. Todo o esfor\u00e7o e trabalho de nossos jogadores, treinadores e clube para esse poss\u00edvel sucesso no t\u00edtulo sempre foram realizados com o objetivo de compartilhar o triunfo com nossos torcedores, mas sabemos que a situa\u00e7\u00e3o atual obriga a maximizar o medidas de precau\u00e7\u00e3o necess\u00e1rias.<\/span><\/i><\/p>\n<p><i><span style=\"font-weight: 400;\">5.- O Real Madrid sente o dever de emitir este importante apelo em uma demonstra\u00e7\u00e3o de extrema responsabilidade e com a firme convic\u00e7\u00e3o de que qualquer poss\u00edvel triunfo envolvendo nossa equipe n\u00e3o deve dar origem a um grande retrocesso na batalha que todos estamos travando contra essa pandemia .<\/span><\/i><\/p>\n<p><span style=\"font-weight: 400;\">Restando duas rodadas para o t\u00e9rmino do Campeonato Espanhol, o Real Madrid lidera com 83 pontos e precisa vencer o Villareal nesta quinta-feira (16) para faturar o t\u00edtulo. O Barcelona \u00e9 o vice-l\u00edder com 79 pontos e precisa vencer o Osasuna em casa, al\u00e9m de torcer pelo trope\u00e7o do rival.<\/span><\/p>\n","protected":false},"excerpt":{"rendered":"<p>Perto de conquistar o Campeonato Espanhol pela 34\u00aa vez, o Real Madrid divulgou um comunicado oficial, pedindo para que os torcedores n\u00e3o saem \u00e0s ruas para comemorar o t\u00edtulo, a fim de evitar aglomera\u00e7\u00f5es e propaga\u00e7\u00e3o do Coronav\u00edrus, principalmente na Pra\u00e7a Cibeles, onde o clube faz suas tradicionais comemora\u00e7\u00f5es. Al\u00e9m disso, o prefeito da capital [&hellip;]<\/p>\n","protected":false},"author":96,"featured_media":164543,"comment_status":"closed","ping_status":"closed","sticky":false,"template":"","format":"standard","meta":{"footnotes":""},"categories":[436,257,439],"tags":[],"class_list":["post-164542","post","type-post","status-publish","format-standard","has-post-thumbnail","hentry","category-destaque-da-semana","category-esporte","category-ultima-hora"],"_links":{"self":[{"href":"https:\/\/diarioregionaldigital.com.br\/index.php?rest_route=\/wp\/v2\/posts\/164542","targetHints":{"allow":["GET"]}}],"collection":[{"href":"https:\/\/diarioregionaldigital.com.br\/index.php?rest_route=\/wp\/v2\/posts"}],"about":[{"href":"https:\/\/diarioregionaldigital.com.br\/index.php?rest_route=\/wp\/v2\/types\/post"}],"author":[{"embeddable":true,"href":"https:\/\/diarioregionaldigital.com.br\/index.php?rest_route=\/wp\/v2\/users\/96"}],"replies":[{"embeddable":true,"href":"https:\/\/diarioregionaldigital.com.br\/index.php?rest_route=%2Fwp%2Fv2%2Fcomments&post=164542"}],"version-history":[{"count":0,"href":"https:\/\/diarioregionaldigital.com.br\/index.php?rest_route=\/wp\/v2\/posts\/164542\/revisions"}],"wp:featuredmedia":[{"embeddable":true,"href":"https:\/\/diarioregionaldigital.com.br\/index.php?rest_route=\/wp\/v2\/media\/164543"}],"wp:attachment":[{"href":"https:\/\/diarioregionaldigital.com.br\/index.php?rest_route=%2Fwp%2Fv2%2Fmedia&parent=164542"}],"wp:term":[{"taxonomy":"category","embeddable":true,"href":"https:\/\/diarioregionaldigital.com.br\/index.php?rest_route=%2Fwp%2Fv2%2Fcategories&post=164542"},{"taxonomy":"post_tag","embeddable":true,"href":"https:\/\/diarioregionaldigital.com.br\/index.php?rest_route=%2Fwp%2Fv2%2Ftags&post=164542"}],"curies":[{"name":"wp","href":"https:\/\/api.w.org\/{rel}","templated":true}]}}