{"id":164539,"date":"2020-07-14T15:08:32","date_gmt":"2020-07-14T18:08:32","guid":{"rendered":"https:\/\/diarioregionaldigital.com.br\/?p=164539"},"modified":"2020-07-14T15:08:32","modified_gmt":"2020-07-14T18:08:32","slug":"federacao-internacional-de-tenis-de-mesa-confirma-torneio-de-duplas-para-2021","status":"publish","type":"post","link":"https:\/\/diarioregionaldigital.com.br\/?p=164539","title":{"rendered":"Federa\u00e7\u00e3o Internacional de T\u00eanis de Mesa confirma torneio de duplas para 2021"},"content":{"rendered":"<p><span style=\"font-weight: 400;\">A Federa\u00e7\u00e3o Internacional de T\u00eanis de Mesa (ITTF, na sigla em ingl\u00eas), confirmou em comunicado oficial, a realiza\u00e7\u00e3o do Campeonato Mundial por equipes, para entre 28 de fevereiro e 7 de mar\u00e7o de 2021,em Busan, na Cor\u00e9ia do Sul. A competi\u00e7\u00e3o teve a data definida ap\u00f3s ser adiada duas vezes por causa da pandemia do novo coronav\u00edrus (Covid-19).<\/span><\/p>\n<p><span style=\"font-weight: 400;\">A princ\u00edpio o torneio seria realizado entre 22 e 28 de mar\u00e7o deste ano, mas teve que ser adiado para o per\u00edodo entre 21 e 28 de junho. Mas como a pandemia do Coronav\u00edrus n\u00e3o se normalizou, a ITTF optou pelo adiamento para o pr\u00f3ximo ano.<\/span><\/p>\n<p><span style=\"font-weight: 400;\">No comunicado oficial, a entidade falou sobre a realiza\u00e7\u00e3o de outros torneios deste ano e dar\u00e1 prioridade para as competi\u00e7\u00f5es regionais:<\/span><\/p>\n<p><i><span style=\"font-weight: 400;\">Devido \u00e0 diminui\u00e7\u00e3o da probabilidade de eventos internacionais serem organizados de acordo com o plano original em 2020, a ITTF tentar\u00e1, portanto, organizar eventos baseados em bolhas ou regionais durante o restante do calend\u00e1rio de 2020, trabalhando em torno das constantes restri\u00e7\u00f5es de viagens internacionais.<\/span><\/i><\/p>\n<p><i><span style=\"font-weight: 400;\">O processo de licita\u00e7\u00e3o da Casa de T\u00eanis de Mesa, que foi adiado por tempo indeterminado no final de mar\u00e7o, confirmou cronogramas revisados. A equipe de licita\u00e7\u00e3o entrar\u00e1 em contato com as cidades que manifestaram interesse nos pr\u00f3ximos dias para inform\u00e1-las sobre o processo revisado.<\/span><\/i><\/p>\n<p><i><span style=\"font-weight: 400;\">O Comit\u00e9 Executivo da ITTF se reunir\u00e1 novamente na sexta-feira 28 th agosto 2020 e continuar\u00e1 a fornecer mais atualiza\u00e7\u00f5es sobre todas as pr\u00f3ximas decis\u00f5es tendo em vista a COVID-19 pandemia.<\/span><\/i><\/p>\n","protected":false},"excerpt":{"rendered":"<p>A Federa\u00e7\u00e3o Internacional de T\u00eanis de Mesa (ITTF, na sigla em ingl\u00eas), confirmou em comunicado oficial, a realiza\u00e7\u00e3o do Campeonato Mundial por equipes, para entre 28 de fevereiro e 7 de mar\u00e7o de 2021,em Busan, na Cor\u00e9ia do Sul. A competi\u00e7\u00e3o teve a data definida ap\u00f3s ser adiada duas vezes por causa da pandemia do [&hellip;]<\/p>\n","protected":false},"author":96,"featured_media":164540,"comment_status":"closed","ping_status":"closed","sticky":false,"template":"","format":"standard","meta":{"footnotes":""},"categories":[436,257,439],"tags":[],"class_list":["post-164539","post","type-post","status-publish","format-standard","has-post-thumbnail","hentry","category-destaque-da-semana","category-esporte","category-ultima-hora"],"_links":{"self":[{"href":"https:\/\/diarioregionaldigital.com.br\/index.php?rest_route=\/wp\/v2\/posts\/164539","targetHints":{"allow":["GET"]}}],"collection":[{"href":"https:\/\/diarioregionaldigital.com.br\/index.php?rest_route=\/wp\/v2\/posts"}],"about":[{"href":"https:\/\/diarioregionaldigital.com.br\/index.php?rest_route=\/wp\/v2\/types\/post"}],"author":[{"embeddable":true,"href":"https:\/\/diarioregionaldigital.com.br\/index.php?rest_route=\/wp\/v2\/users\/96"}],"replies":[{"embeddable":true,"href":"https:\/\/diarioregionaldigital.com.br\/index.php?rest_route=%2Fwp%2Fv2%2Fcomments&post=164539"}],"version-history":[{"count":0,"href":"https:\/\/diarioregionaldigital.com.br\/index.php?rest_route=\/wp\/v2\/posts\/164539\/revisions"}],"wp:featuredmedia":[{"embeddable":true,"href":"https:\/\/diarioregionaldigital.com.br\/index.php?rest_route=\/wp\/v2\/media\/164540"}],"wp:attachment":[{"href":"https:\/\/diarioregionaldigital.com.br\/index.php?rest_route=%2Fwp%2Fv2%2Fmedia&parent=164539"}],"wp:term":[{"taxonomy":"category","embeddable":true,"href":"https:\/\/diarioregionaldigital.com.br\/index.php?rest_route=%2Fwp%2Fv2%2Fcategories&post=164539"},{"taxonomy":"post_tag","embeddable":true,"href":"https:\/\/diarioregionaldigital.com.br\/index.php?rest_route=%2Fwp%2Fv2%2Ftags&post=164539"}],"curies":[{"name":"wp","href":"https:\/\/api.w.org\/{rel}","templated":true}]}}