{"id":164536,"date":"2020-07-14T14:40:57","date_gmt":"2020-07-14T17:40:57","guid":{"rendered":"https:\/\/diarioregionaldigital.com.br\/?p=164536"},"modified":"2020-07-14T14:40:57","modified_gmt":"2020-07-14T17:40:57","slug":"ferj-aciona-justica-e-pede-danos-morais-a-botafogo-e-fluminense","status":"publish","type":"post","link":"https:\/\/diarioregionaldigital.com.br\/?p=164536","title":{"rendered":"Ferj aciona Justi\u00e7a e pede danos morais a Botafogo e Fluminense"},"content":{"rendered":"<p><span style=\"font-weight: 400;\">A Federa\u00e7\u00e3o de Futebol do Rio de Janeiro (Ferj), entrou na Justi\u00e7a contra Botafogo e Fluminense, ap\u00f3s os dois clubes criticarem a entidade e o Campeonato Carioca. Diante do caso, a Ferj pede retrata\u00e7\u00e3o p\u00fablica, R$ 100 mil de danos morais, al\u00e9m de indeniza\u00e7\u00e3o por danos materiais em valores a serem levantados. Na ocasi\u00e3o, os dois clubes se dizem contr\u00e1rios ao retorno do Campeonato Carioca em meio a pandemia do Coronav\u00edrus.<\/span><\/p>\n<p><span style=\"font-weight: 400;\">Dentre as alega\u00e7\u00f5es escritas no documento, a Ferj cita que Botafogo e Fluminense &#8220;expuseram grosseira e mentirosamente uma s\u00e9rie de supostas irregularidades imputadas \u00e0 Autora&#8221; e diz que &#8220;\u00e9 muita covardia de ambos mandat\u00e1rios agirem \u00e0s expensas das institui\u00e7\u00f5es que administram para tentar infligir alguma dor na moral alheia, visando amealhar alguma fugaz repercuss\u00e3o social&#8221;.<\/span><\/p>\n<p><span style=\"font-weight: 400;\">Al\u00e9m disso, a federa\u00e7\u00e3o cita os questionamentos feitos pelos dois clubes, tais como o \u201catraso\u201d for\u00e7ado na volta aos treinamentos, alegando que as autoridades do Rio de Janeiro haviam liberado a retomada dos treinos, no entanto, apenas Botafogo e Fluminense n\u00e3o concordaram, alegando que n\u00e3o era momento para tal ato:<\/span><\/p>\n<p><span style=\"font-weight: 400;\">\u201cEssa ret\u00f3rica vazia e oportunista somente tem o cond\u00e3o de desvirtuar o foco da quest\u00e3o, qual seja, a inabilidade em gerir a crise em um clube falido. O suposto motivo nobre nada mais do que mascara uma triste realidade de bancarrota absoluta, bancada por sucessivas administra\u00e7\u00f5es incompetentes&#8221;.<\/span><\/p>\n<p><span style=\"font-weight: 400;\">Ainda referente ao retorno dos treinamentos, Botafogo e Fluminense alegam que seus posicionamentos foram alvos de cr\u00edtica tanto da Ferj, quanto dos outros clubes participantes do Campeonato Carioca. No entanto a entidade rebateu os argumentos apresentados pelo alvinegro e tricolor:<\/span><\/p>\n<p><span style=\"font-weight: 400;\">&#8220;A verdade \u00e9 que dos 16 clubes apenas 2 discordaram do retorno a atividade desportiva, sentindo-se &#8216;atacados&#8217; pela autora e por todos os outros 14 clubes, o que chega a ser uma piada de gosto duvidoso. O ataque a que ambas R\u00e9s se referem \u00e9 a derrota acachapante de 14 x 2? Trata-se, pois, de um mero chilique sem qualquer embasamento para tanto&#8221;.<\/span><\/p>\n<p><span style=\"font-weight: 400;\">Diante dos fatos, a Ferj afirma que busca seus direitos na Justi\u00e7a, porque &#8220;a manifesta\u00e7\u00e3o conjunta dos R\u00e9us transcenderam (sic.) o direito \u00e0 liberdade e manifesta\u00e7\u00e3o de pensamento, pois serviram apenas para afrontar os direitos da Autora ao nome, imagem, honra, boa-fama, \u00e9tica, reputa\u00e7\u00e3o e idoneidade&#8221;. Por isso, a federa\u00e7\u00e3o cobra de Botafogo e Fluminense:<\/span><\/p>\n<ul>\n<li style=\"font-weight: 400;\"><span style=\"font-weight: 400;\">Retrata\u00e7\u00e3o p\u00fablica, mediante a publica\u00e7\u00e3o de nota oficial em todos os meios de comunica\u00e7\u00e3o oficiais daquele clube, com os mesmos destaque, publicidade, periodicidade e dimens\u00e3o das ofensas, no prazo de 05 (cinco) dias corridos, contados a partir do tr\u00e2nsito em julgado da senten\u00e7a, sob pena de multa \u00fanica de R$ 1 milh\u00e3o;<\/span><\/li>\n<li style=\"font-weight: 400;\"><span style=\"font-weight: 400;\">Pagamento de indeniza\u00e7\u00e3o compensat\u00f3ria por danos morais no valor de R$ 100 mil, considerando destaque, publicidade, periodicidade e dimens\u00e3o das ofensas desferidas, e ainda o car\u00e1ter pedag\u00f3gico-punitivo da indeniza\u00e7\u00e3o;<\/span><\/li>\n<li style=\"font-weight: 400;\"><span style=\"font-weight: 400;\">Pagamento de indeniza\u00e7\u00e3o por danos materiais, em raz\u00e3o \u00e0 viola\u00e7\u00e3o das marcas de propriedade da Autora, a ser apurado em liquida\u00e7\u00e3o de senten\u00e7a, vez que n\u00e3o possui meios de aferir o quantum que deixou de auferir e\/ou lucrar com a viola\u00e7\u00e3o de suas marcas, na forma do art. 509 do NCPC;<\/span><\/li>\n<li style=\"font-weight: 400;\"><span style=\"font-weight: 400;\">Pagamento de 20% (vinte por cento) de honor\u00e1rios de sucumb\u00eancia sobre o benef\u00edcio econ\u00f4mico auferido com a demanda;<\/span><\/li>\n<\/ul>\n<p><b>Manifesto de rep\u00fadio a Ferj<\/b><\/p>\n<p><span style=\"font-weight: 400;\">No \u00faltimo dia 4 de julho, v\u00e9spera da semifinal da Ta\u00e7a Rio, Botafogo e Fluminense lan\u00e7aram uma nota conjunta, na qual criticam as atitudes tomadas pela federa\u00e7\u00e3o e avaliaram o cen\u00e1rio atual do futebol carioca como \u201cshow de horrores\u201d.\u00a0<\/span><\/p>\n<p><span style=\"font-weight: 400;\">Relembre a nota oficial divulgada pelos dois clubes:<\/span><\/p>\n<p><i><span style=\"font-weight: 400;\">&#8220;Em respeito \u00e0s tradi\u00e7\u00f5es seculares e suas conquistas hist\u00f3ricas no futebol brasileiro, Botafogo de Futebol e Regatas e o Fluminense Football Club se unem neste manifesto. Primeiramente para reafirmar seu compromisso e sua determina\u00e7\u00e3o em cumprir com nosso dever social de pregar a estrita observ\u00e2ncia das normas recomendadas para a prote\u00e7\u00e3o da popula\u00e7\u00e3o. Respeitamos o pr\u00f3ximo, no que este termo tem de mais precioso, que \u00e9 a integridade da sa\u00fade e a preserva\u00e7\u00e3o da vida.<\/span><\/i><\/p>\n<p><i><span style=\"font-weight: 400;\">Todos os brasileiros sabem que nossa constru\u00e7\u00e3o como na\u00e7\u00e3o passa pelo futebol, que tem uma responsabilidade social enorme por ser forte fator de influ\u00eancia sobre atitudes e comportamentos da popula\u00e7\u00e3o. O futebol, em sua ess\u00eancia, traz o esp\u00edrito de solidariedade, a empatia e o respeito ao advers\u00e1rio, sem o qual n\u00e3o h\u00e1 jogo poss\u00edvel. Sem o qual n\u00e3o h\u00e1 ludicidade e, a partir da\u00ed, a vida perde um pouco de seu sentido.<\/span><\/i><\/p>\n<p><i><span style=\"font-weight: 400;\">Honrados em mantermos nossa posi\u00e7\u00e3o e nossos princ\u00edpios \u00e9 que protestamos contra o que se est\u00e1 vendo do atual cen\u00e1rio do futebol do Rio de Janeiro. Uma cena triste cujo pano de fundo \u00e9 este momento t\u00e3o dif\u00edcil da hist\u00f3ria nacional, quando vidas est\u00e3o sendo ceifadas n\u00e3o apenas pela pandemia, mas tamb\u00e9m a golpes de insensatez e de falta de empatia. O que todos est\u00e3o assistindo em primeiro plano nesse show de horrores \u00e9 o espet\u00e1culo de desmandos e desrespeito com que os clubes e seus torcedores v\u00eam sendo tratados.<\/span><\/i><\/p>\n<p><i><span style=\"font-weight: 400;\">Listamos abaixo os pontos mais tristes desse roteiro desolador:<\/span><\/i><\/p>\n<p><i><span style=\"font-weight: 400;\">&#8211; Botafogo e Fluminense foram obrigados a sair de seus dom\u00ednios, em v\u00e1rias ocasi\u00f5es, para jogar em est\u00e1dios prec\u00e1rios, em condi\u00e7\u00f5es de risco e de exaust\u00e3o, enquanto outros clubes, mais alinhados, mandaram todos os seus jogos em seus est\u00e1dios; Apesar de dizer que os jogos do retorno seriam apenas em tr\u00eas est\u00e1dios \u2013 Maracan\u00e3, S\u00e3o Janu\u00e1rio e Nilton Santos, a Ferj fez o Botafogo jogar na Ilha do Governador e o Fluminense em Bacax\u00e1, sem poder se concentrar, ou seja, tendo que viajar duas horas de \u00f4nibus no dia do jogo;<\/span><\/i><\/p>\n<p><i><span style=\"font-weight: 400;\">&#8211; Botafogo e Fluminense tiveram que lutar para n\u00e3o serem obrigados a jogar ap\u00f3s apenas um ou dois dias de treinamento, colocando em risco a sa\u00fade e a integridade f\u00edsica de seus atletas. E tudo isso sob o argumento pueril de que treinamentos estariam liberados, quando o \u00edndice de contamina\u00e7\u00e3o explodia e vidas estavam sendo perdidas em filas de hospital. Quando servi\u00e7os muito mais importantes estavam ainda proibidos de funcionar por raz\u00f5es t\u00e3o \u00f3bvias que dispensariam discuss\u00f5es. Muito menos retalia\u00e7\u00f5es.<\/span><\/i><\/p>\n<p><i><span style=\"font-weight: 400;\">\u00a0Em atitude que em tudo contraria o esp\u00edrito democr\u00e1tico e a liberdade de express\u00e3o, o treinador Paulo Autuori foi punido na v\u00e9spera do primeiro jogo em raz\u00e3o de declara\u00e7\u00f5es em entrevista em que brilhou pela sensatez. Em sinal de protesto, Autuori n\u00e3o comandou a equipe na partida, mas suas palavras estavam em campo, para nos representar. A todos os que professam a empatia, o respeito ao pr\u00f3ximo;<\/span><\/i><\/p>\n<p><i><span style=\"font-weight: 400;\">&#8211; O Botafogo foi punido ainda com perda de mando porque contestou a conta absurda e astron\u00f4mica para a opera\u00e7\u00e3o do Est\u00e1dio Nilton Santos, dez vezes mais cara do que a que outros clubes pagaram para jogar no&#8230; Maracan\u00e3! Uma clara atitude de retalia\u00e7\u00e3o por seu posicionamento a favor da vida. Somente de nossos clubes foram cobrados valores exorbitantes por despesas operacionais. A mesma cobran\u00e7a exorbitante ocorreu com Fluminense, ao jogar no est\u00e1dio Nilton Santos e em&#8230; Bacax\u00e1!<\/span><\/i><\/p>\n<p><i><span style=\"font-weight: 400;\">&#8211; Quando tudo parecia j\u00e1 grotesco, os clubes se viram punidos com a perda de um contrato essencial para sua subsist\u00eancia, que \u00e9 o contrato de direitos de transmiss\u00e3o da Globo. A emissora argumentou em sua notifica\u00e7\u00e3o que a Ferj falhou em garantir a exclusividade na transmiss\u00e3o de um jogo de um dos cedentes de diretos, o que gerou a ruptura do contrato de TV e que causa preju\u00edzos a Fluminense e Botafogo no montante estimado de 120 milh\u00f5es de reais, somados o que os dois clubes t\u00eam a receber nos pr\u00f3ximos quatro anos. Sem entrar aqui em considera\u00e7\u00f5es sobre a responsabilidade da emissora por sua participa\u00e7\u00e3o na condu\u00e7\u00e3o do epis\u00f3dio, sem deixar de entender a forte influ\u00eancia de discuss\u00f5es paralelas com um dos clubes, o fato \u00e9 que o conjunto de agremia\u00e7\u00f5es se viu arrastado de rold\u00e3o, embrulhado em uma confus\u00e3o para a qual n\u00e3o contribuiu. Sequer fomos consultados em Arbitral sobre os riscos desta decis\u00e3o;<\/span><\/i><\/p>\n<p><i><span style=\"font-weight: 400;\">&#8211; Estamos chegando ao fim de uma competi\u00e7\u00e3o em que as verdadeiras lutas se deram fora de campo e de forma totalmente inadequada. Com reuni\u00f5es \u00e0s escuras, intensa atividade em pr\u00e1ticas de bastidores, indisfar\u00e7\u00e1vel liga\u00e7\u00e3o simbi\u00f3tica com outros clubes, descumprimento de contratos, chuva de liminares e um comportamento incompat\u00edvel com a de uma lideran\u00e7a em momentos de crise. A FERJ se esfor\u00e7ou e conseguiu desvalorizar sobremaneira o produto pelo qual deveria trabalhar visando o sucesso, que \u00e9 o Campeonato Carioca.<\/span><\/i><\/p>\n<p><i><span style=\"font-weight: 400;\">&#8211; N\u00e3o bastasse o constrangimento de sermos obrigados a retomar o Campeonato Carioca, convivendo com registros de mais de 63 mil mortes no Brasil, com m\u00e9dia superior a 1.200 por dia, tivemos que relembrar, em v\u00e3o, esse marco f\u00fanebre em reuni\u00f5es sucessivas do Conselho Arbitral da FERJ. A insensibilidade evidenciou que os n\u00fameros alarmantes n\u00e3o passam de fria estat\u00edstica \u00e0queles que parecem n\u00e3o entender a fun\u00e7\u00e3o social do futebol: impactar a vida das pessoas, pautar costumes e atitudes.<\/span><\/i><\/p>\n<p><i><span style=\"font-weight: 400;\">&#8211; Fluminense e Botafogo foram fortemente atacados pela FERJ e por outros clubes quando tiveram posi\u00e7\u00e3o de bom senso de preservar seus atletas e funcion\u00e1rios ao seguir as recomenda\u00e7\u00f5es da quarentena. Definitivamente, retornar competi\u00e7\u00f5es com o inexplic\u00e1vel a\u00e7odamento &#8211; com o calend\u00e1rio nacional ainda indefinido &#8211; n\u00e3o era a melhor mensagem a se transmitir por parte de t\u00e3o importantes influenciadores<\/span><\/i><\/p>\n<p><i><span style=\"font-weight: 400;\">Botafogo e Fluminense entendem que este \u00e9 um momento em que a solidariedade deve prevalecer. Por isso, est\u00e3o unidos e pedem que seus torcedores fa\u00e7am o mesmo. Unidos em torno da exig\u00eancia de respeito. Do tratamento digno. Da preserva\u00e7\u00e3o da honradez nas rela\u00e7\u00f5es. Por isso est\u00e3o lan\u00e7ando aqui as bases de uma associa\u00e7\u00e3o entre os dois clubes para a discuss\u00e3o de direitos. Quem quiser participar ser\u00e1 bem-vindo. Importante frisar: no futebol ou na vida, ningu\u00e9m joga sozinho. \u00c9 tempo de solidariedade&#8221;.<\/span><\/i><\/p>\n<p>&nbsp;<\/p>\n","protected":false},"excerpt":{"rendered":"<p>A Federa\u00e7\u00e3o de Futebol do Rio de Janeiro (Ferj), entrou na Justi\u00e7a contra Botafogo e Fluminense, ap\u00f3s os dois clubes criticarem a entidade e o Campeonato Carioca. Diante do caso, a Ferj pede retrata\u00e7\u00e3o p\u00fablica, R$ 100 mil de danos morais, al\u00e9m de indeniza\u00e7\u00e3o por danos materiais em valores a serem levantados. Na ocasi\u00e3o, os [&hellip;]<\/p>\n","protected":false},"author":96,"featured_media":164537,"comment_status":"closed","ping_status":"closed","sticky":false,"template":"","format":"standard","meta":{"footnotes":""},"categories":[436,257,439],"tags":[],"class_list":["post-164536","post","type-post","status-publish","format-standard","has-post-thumbnail","hentry","category-destaque-da-semana","category-esporte","category-ultima-hora"],"_links":{"self":[{"href":"https:\/\/diarioregionaldigital.com.br\/index.php?rest_route=\/wp\/v2\/posts\/164536","targetHints":{"allow":["GET"]}}],"collection":[{"href":"https:\/\/diarioregionaldigital.com.br\/index.php?rest_route=\/wp\/v2\/posts"}],"about":[{"href":"https:\/\/diarioregionaldigital.com.br\/index.php?rest_route=\/wp\/v2\/types\/post"}],"author":[{"embeddable":true,"href":"https:\/\/diarioregionaldigital.com.br\/index.php?rest_route=\/wp\/v2\/users\/96"}],"replies":[{"embeddable":true,"href":"https:\/\/diarioregionaldigital.com.br\/index.php?rest_route=%2Fwp%2Fv2%2Fcomments&post=164536"}],"version-history":[{"count":0,"href":"https:\/\/diarioregionaldigital.com.br\/index.php?rest_route=\/wp\/v2\/posts\/164536\/revisions"}],"wp:featuredmedia":[{"embeddable":true,"href":"https:\/\/diarioregionaldigital.com.br\/index.php?rest_route=\/wp\/v2\/media\/164537"}],"wp:attachment":[{"href":"https:\/\/diarioregionaldigital.com.br\/index.php?rest_route=%2Fwp%2Fv2%2Fmedia&parent=164536"}],"wp:term":[{"taxonomy":"category","embeddable":true,"href":"https:\/\/diarioregionaldigital.com.br\/index.php?rest_route=%2Fwp%2Fv2%2Fcategories&post=164536"},{"taxonomy":"post_tag","embeddable":true,"href":"https:\/\/diarioregionaldigital.com.br\/index.php?rest_route=%2Fwp%2Fv2%2Ftags&post=164536"}],"curies":[{"name":"wp","href":"https:\/\/api.w.org\/{rel}","templated":true}]}}