{"id":164533,"date":"2020-07-14T13:58:29","date_gmt":"2020-07-14T16:58:29","guid":{"rendered":"https:\/\/diarioregionaldigital.com.br\/?p=164533"},"modified":"2020-07-14T13:58:29","modified_gmt":"2020-07-14T16:58:29","slug":"com-autorizacao-do-governo-de-portugal-e-protocolo-rigido-cob-inicia-missao-europa-no-dia-17-de-julho","status":"publish","type":"post","link":"https:\/\/diarioregionaldigital.com.br\/?p=164533","title":{"rendered":"Com autoriza\u00e7\u00e3o do Governo de Portugal e protocolo r\u00edgido, COB inicia Miss\u00e3o Europa no dia 17 de julho"},"content":{"rendered":"<p><span style=\"font-weight: 400;\">Os atletas do Time Brasil j\u00e1 podem colocar as roupas de treino dentro da mala e separar seus passaportes, pois a Miss\u00e3o Europa do Comit\u00ea Ol\u00edmpico do Brasil (COB) come\u00e7a nesta sexta-feira (17), com o embarque das equipes de boxe, gin\u00e1stica, jud\u00f4, nado art\u00edstico e nata\u00e7\u00e3o. Ap\u00f3s receber autoriza\u00e7\u00e3o do Governo de Portugal, atrav\u00e9s de intermedia\u00e7\u00e3o do Comit\u00ea Ol\u00edmpico local, o COB enviar\u00e1 delega\u00e7\u00f5es esportivas ao pa\u00eds europeu, seguindo um rigoroso protocolo de combate \u00e0 contamina\u00e7\u00e3o do novo coronav\u00edrus.\u00a0<\/span><\/p>\n<p>&nbsp;<\/p>\n<p><span style=\"font-weight: 400;\">\u201cA partir da grande mobiliza\u00e7\u00e3o e comprometimento de todos, ofereceremos essa excelente oportunidade aos atletas brasileiros, que ter\u00e3o \u00f3timas condi\u00e7\u00f5es de treinamento e toda seguran\u00e7a para retomarem a prepara\u00e7\u00e3o para os Jogos Ol\u00edmpicos de T\u00f3quio\u201d, disse o presidente do COB, Paulo Wanderley. \u201cO COB agradece imensamente ao fundamental apoio do Comit\u00ea Ol\u00edmpico de Portugal, atrav\u00e9s de seu presidente Jos\u00e9 Manuel Constantino, que n\u00e3o poupou esfor\u00e7os junto \u00e0s autoridades locais para viabilizar a entrada do Time Brasil no pa\u00eds nesse momento\u201d, afirmou o presidente do COB.<\/span><\/p>\n<p><span style=\"font-weight: 400;\">A autoriza\u00e7\u00e3o de entrada para o Time Brasil em Portugal se baseou nas condi\u00e7\u00f5es especiais previstas para brasileiros em exerc\u00edcio de atividade profissional no pa\u00eds.<\/span><\/p>\n<p><span style=\"font-weight: 400;\">\u201cA legisla\u00e7\u00e3o recentemente publicada em Portugal prev\u00ea condi\u00e7\u00f5es especiais para atividades de natureza profissional, o que no nosso entendimento se aplica \u00e0 miss\u00e3o ol\u00edmpica brasileira. Assim, procuramos encontrar os melhores caminhos e sensibilizar as autoridades nacionais, designadamente o Governo, para que n\u00e3o haja quaisquer problemas relativos \u00e0s chegadas dos atletas brasileiros e ao controle de entrada no aeroporto de Lisboa\u201d, afirmou o presidente do Comit\u00ea Ol\u00edmpico de Portugal, Jos\u00e9 Manuel Constantino.<\/span><\/p>\n<p><span style=\"font-weight: 400;\">A Miss\u00e3o Europa ter\u00e1 dura\u00e7\u00e3o de julho a dezembro e tem como principal objetivo dar suporte \u00e0 retomada de treinamentos dos atletas classificados ou com potencial de classifica\u00e7\u00e3o para os Jogos Ol\u00edmpicos de T\u00f3quio, garantindo a seguran\u00e7a total da delega\u00e7\u00e3o e cumprindo os protocolos exigidos e validados pelos servi\u00e7os m\u00e9dicos. Depois de fazer uma consulta a todas as Confedera\u00e7\u00f5es Brasileiras Ol\u00edmpicas, o COB j\u00e1 tem previsto at\u00e9 o momento o envio de cerca de 200 atletas, al\u00e9m de t\u00e9cnicos e equipe multidisciplinares, de 16 modalidades esportivas (veja a lista completa por modalidade ao final do texto). Este n\u00famero pode ser atualizado, conforme a necessidade de cada confedera\u00e7\u00e3o e eventuais mudan\u00e7as no cen\u00e1rio externo de enfrentamento \u00e0 pandemia.<\/span><\/p>\n<p><b>Protocolos R\u00edgidos<\/b><\/p>\n<p><span style=\"font-weight: 400;\">Para conseguir realizar a opera\u00e7\u00e3o, o COB desenvolveu protocolos r\u00edgidos de controle contra a contamina\u00e7\u00e3o da Covid-19. Todos os integrantes da delega\u00e7\u00e3o ser\u00e3o testados at\u00e9 72 horas antes do embarque, s\u00f3 podendo viajar caso apresentem resultado negativo para o PCR. Assim que chegarem a Portugal, eles repetir\u00e3o o procedimento e permanecer\u00e3o em isolamento por 48 horas, at\u00e9 a divulga\u00e7\u00e3o do resultado da sorologia, quando estar\u00e3o liberados para os treinamentos esportivos. Al\u00e9m disso, uma terceira testagem est\u00e1 prevista antes do regresso de cada atleta ou oficial ao Brasil.<\/span><\/p>\n<p><span style=\"font-weight: 400;\">\u201cA Miss\u00e3o Europa tem grande import\u00e2ncia para o esporte ol\u00edmpico brasileiro. \u00c9 uma a\u00e7\u00e3o que representa a retomada dos treinamentos ap\u00f3s um per\u00edodo bem duro para nossos atletas. Durante esse tempo, o COB, as Confedera\u00e7\u00f5es e os clubes procuraram dar todo o suporte poss\u00edvel e agora os nossos esfor\u00e7os se voltam para oferecermos as melhores condi\u00e7\u00f5es de retomada, sem abrir m\u00e3o da seguran\u00e7a e da preserva\u00e7\u00e3o da sa\u00fade\u201d, declarou Jorge Bichara, diretor de Esportes do COB.\u00a0<\/span><\/p>\n<p><span style=\"font-weight: 400;\">Portugal foi escolhido como destino principal do Time Brasil na Europa, tendo em vista que o pa\u00eds se encontra em um est\u00e1gio avan\u00e7ado da conten\u00e7\u00e3o da pandemia do novo coronav\u00edrus, al\u00e9m do bom relacionamento do COB com o Comit\u00ea Ol\u00edmpico de Portugal (COP). O pa\u00eds servir\u00e1, inclusive, como base de aclimata\u00e7\u00e3o da equipe brasileira para os Jogos Ol\u00edmpicos Paris 2024. Quatro bases ser\u00e3o usadas para os treinamentos: o Complexo Desportivo de Rio Maior, equipamento p\u00fablico-privado situado a 75km de Lisboa, que receber\u00e1 a maior parte da delega\u00e7\u00e3o, e instala\u00e7\u00f5es em Coimbra (jud\u00f4), Cascais (vela) e Sangalhos (gin\u00e1stica art\u00edstica e gin\u00e1stica r\u00edtmica). Com investimento previsto de R$13,7 milh\u00f5es em log\u00edstica, a Miss\u00e3o Europa faz parte do Programa Emergencial de Apoio ao Sistema Ol\u00edmpico.<\/span><\/p>\n<p><span style=\"font-weight: 400;\">Paralelamente \u00e0 Miss\u00e3o Europa, o COB trabalha na implementa\u00e7\u00e3o do plano de retomada das atividades do Centro de Treinamento Time Brasil, com base nos protocolos do Guia para a Pr\u00e1tica de Esportes Ol\u00edmpicos no Cen\u00e1rio da COVID-19, lan\u00e7ado em junho pela entidade. A montagem de equipamentos e simula\u00e7\u00f5es de fluxo foram iniciadas essa semana e a previs\u00e3o \u00e9 que a volta dos atletas seja realizada a partir do fim de julho, em cinco fases diferentes, come\u00e7ando com um pequeno grupo e sendo normalizada aos poucos.<\/span><\/p>\n<p><b>Veja a lista de modalidades confirmadas at\u00e9 o momento na Miss\u00e3o Europa:<\/b><\/p>\n<p><span style=\"font-weight: 400;\">Atletismo \u2013 29 atletas<\/span><\/p>\n<p><span style=\"font-weight: 400;\">Jud\u00f4 \u2013 28 atletas<\/span><\/p>\n<p><span style=\"font-weight: 400;\">Boxe \u2013 11 atletas<\/span><\/p>\n<p><span style=\"font-weight: 400;\">Nata\u00e7\u00e3o \u2013 15 atletas<\/span><\/p>\n<p><span style=\"font-weight: 400;\">Handebol Feminino \u2013 18 atletas<\/span><\/p>\n<p><span style=\"font-weight: 400;\">Handebol Masculino \u2013 18 atletas<\/span><\/p>\n<p><span style=\"font-weight: 400;\">Rugby Feminino \u2013 16 atletas<\/span><\/p>\n<p><span style=\"font-weight: 400;\">Wrestling \u2013 10 atletas<\/span><\/p>\n<p><span style=\"font-weight: 400;\">Gin\u00e1stica R\u00edtmica \u2013 8 atletas<\/span><\/p>\n<p><span style=\"font-weight: 400;\">Saltos Ornamentais \u2013 7 atletas<\/span><\/p>\n<p><span style=\"font-weight: 400;\">Taekwondo \u2013 6 atletas<\/span><\/p>\n<p><span style=\"font-weight: 400;\">Gin\u00e1stica Art\u00edstica Masculina \u2013 6 atletas<\/span><\/p>\n<p><span style=\"font-weight: 400;\">Triathlon \u2013 4 atletas<\/span><\/p>\n<p><span style=\"font-weight: 400;\">Gin\u00e1stica Art\u00edstica Feminina \u2013 6 atletas<\/span><\/p>\n<p><span style=\"font-weight: 400;\">Vela \u2013 4 atletas<\/span><\/p>\n<p><span style=\"font-weight: 400;\">Nado Art\u00edstico \u2013 3 atletas<\/span><\/p>\n<p><span style=\"font-weight: 400;\">Maratonas Aqu\u00e1ticas \u2013 2 atletas<\/span><\/p>\n<p><span style=\"font-weight: 400;\">T\u00eanis de Mesa &#8211; 4 atletas<\/span><\/p>\n<p><strong>Fonte:<\/strong> COB<\/p>\n","protected":false},"excerpt":{"rendered":"<p>Os atletas do Time Brasil j\u00e1 podem colocar as roupas de treino dentro da mala e separar seus passaportes, pois a Miss\u00e3o Europa do Comit\u00ea Ol\u00edmpico do Brasil (COB) come\u00e7a nesta sexta-feira (17), com o embarque das equipes de boxe, gin\u00e1stica, jud\u00f4, nado art\u00edstico e nata\u00e7\u00e3o. Ap\u00f3s receber autoriza\u00e7\u00e3o do Governo de Portugal, atrav\u00e9s de [&hellip;]<\/p>\n","protected":false},"author":96,"featured_media":164534,"comment_status":"closed","ping_status":"closed","sticky":false,"template":"","format":"standard","meta":{"footnotes":""},"categories":[436,257,439],"tags":[],"class_list":["post-164533","post","type-post","status-publish","format-standard","has-post-thumbnail","hentry","category-destaque-da-semana","category-esporte","category-ultima-hora"],"_links":{"self":[{"href":"https:\/\/diarioregionaldigital.com.br\/index.php?rest_route=\/wp\/v2\/posts\/164533","targetHints":{"allow":["GET"]}}],"collection":[{"href":"https:\/\/diarioregionaldigital.com.br\/index.php?rest_route=\/wp\/v2\/posts"}],"about":[{"href":"https:\/\/diarioregionaldigital.com.br\/index.php?rest_route=\/wp\/v2\/types\/post"}],"author":[{"embeddable":true,"href":"https:\/\/diarioregionaldigital.com.br\/index.php?rest_route=\/wp\/v2\/users\/96"}],"replies":[{"embeddable":true,"href":"https:\/\/diarioregionaldigital.com.br\/index.php?rest_route=%2Fwp%2Fv2%2Fcomments&post=164533"}],"version-history":[{"count":0,"href":"https:\/\/diarioregionaldigital.com.br\/index.php?rest_route=\/wp\/v2\/posts\/164533\/revisions"}],"wp:featuredmedia":[{"embeddable":true,"href":"https:\/\/diarioregionaldigital.com.br\/index.php?rest_route=\/wp\/v2\/media\/164534"}],"wp:attachment":[{"href":"https:\/\/diarioregionaldigital.com.br\/index.php?rest_route=%2Fwp%2Fv2%2Fmedia&parent=164533"}],"wp:term":[{"taxonomy":"category","embeddable":true,"href":"https:\/\/diarioregionaldigital.com.br\/index.php?rest_route=%2Fwp%2Fv2%2Fcategories&post=164533"},{"taxonomy":"post_tag","embeddable":true,"href":"https:\/\/diarioregionaldigital.com.br\/index.php?rest_route=%2Fwp%2Fv2%2Ftags&post=164533"}],"curies":[{"name":"wp","href":"https:\/\/api.w.org\/{rel}","templated":true}]}}