{"id":164530,"date":"2020-07-14T13:27:07","date_gmt":"2020-07-14T16:27:07","guid":{"rendered":"https:\/\/diarioregionaldigital.com.br\/?p=164530"},"modified":"2020-07-14T13:27:07","modified_gmt":"2020-07-14T16:27:07","slug":"inscricoes-para-o-prouni-comecam-hoje-com-quase-170-mil-bolsas","status":"publish","type":"post","link":"https:\/\/diarioregionaldigital.com.br\/?p=164530","title":{"rendered":"Inscri\u00e7\u00f5es para o Prouni come\u00e7am hoje, com quase 170 mil bolsas"},"content":{"rendered":"<p>As inscri\u00e7\u00f5es para o processo seletivo do Programa Universidade para Todos (Prouni) abrem hoje (13) e v\u00e3o at\u00e9 a sexta-feira (17). A iniciativa do governo federal oferece bolsas de estudo em institui\u00e7\u00f5es de ensino superior privadas.<img decoding=\"async\" src=\"https:\/\/agenciabrasil.ebc.com.br\/ebc.png?id=1311471&amp;o=node\" \/><\/p>\n<p>Os interessados devem acessar o\u00a0portal do Prouni\u00a0e consultar as bolsas e cursos dispon\u00edveis. No site \u00e9 poss\u00edvel buscar por institui\u00e7\u00e3o, munic\u00edpio ou \u00e1rea de estudo.<\/p>\n<p>De acordo com o Minist\u00e9rio da Educa\u00e7\u00e3o, neste segundo processo seletivo foram disponibilizadas 167.780 bolsas em 1.061 faculdades particulares. Destas, 60.551 s\u00e3o bolsas integrais e 107.229, parciais.<\/p>\n<p>Para inscri\u00e7\u00e3o, \u00e9 preciso ter uma conta no\u00a0portal de servi\u00e7os do governo federal.<\/p>\n<p>Pelo Prouni, \u00e9 poss\u00edvel obter bolsas integrais ou parciais, que custeiem todo o curso ou metade do valor.\u00a0 As integrais s\u00e3o destinadas aos estudantes com renda familiar por pessoa de at\u00e9 1,2 sal\u00e1rio-m\u00ednimo. J\u00e1 as parciais contemplam alunos cujas fam\u00edlias possuem renda familiar por pessoa de at\u00e9 tr\u00eas sal\u00e1rios m\u00ednimos.<\/p>\n<p>O Minist\u00e9rio da Educa\u00e7\u00e3o estabelece como requisitos tamb\u00e9m o aluno ter conseguido nota de pelo menos 450 pontos de m\u00e9dia no Exame Nacional do Ensino M\u00e9dio (Enem) e n\u00e3o ter diploma de ensino superior.<\/p>\n<p>O cronograma prev\u00ea, ap\u00f3s o fim das inscri\u00e7\u00f5es, a divulga\u00e7\u00e3o do resultado da 1\u00aa chamada no dia 21 de julho, a comprova\u00e7\u00e3o de informa\u00e7\u00f5es da 1\u00aa chamada at\u00e9 o dia 28 deste m\u00eas e o resultado da 2\u00aa chamada no dia 4 de agosto.<\/p>\n<p><strong>Fonte:\u00a0<\/strong>Ag\u00eancia Brasil<\/p>\n","protected":false},"excerpt":{"rendered":"<p>As inscri\u00e7\u00f5es para o processo seletivo do Programa Universidade para Todos (Prouni) abrem hoje (13) e v\u00e3o at\u00e9 a sexta-feira (17). A iniciativa do governo federal oferece bolsas de estudo em institui\u00e7\u00f5es de ensino superior privadas. Os interessados devem acessar o\u00a0portal do Prouni\u00a0e consultar as bolsas e cursos dispon\u00edveis. No site \u00e9 poss\u00edvel buscar por [&hellip;]<\/p>\n","protected":false},"author":96,"featured_media":164531,"comment_status":"closed","ping_status":"closed","sticky":false,"template":"","format":"standard","meta":{"footnotes":""},"categories":[302,436,439],"tags":[],"class_list":["post-164530","post","type-post","status-publish","format-standard","has-post-thumbnail","hentry","category-brasil-mundo","category-destaque-da-semana","category-ultima-hora"],"_links":{"self":[{"href":"https:\/\/diarioregionaldigital.com.br\/index.php?rest_route=\/wp\/v2\/posts\/164530","targetHints":{"allow":["GET"]}}],"collection":[{"href":"https:\/\/diarioregionaldigital.com.br\/index.php?rest_route=\/wp\/v2\/posts"}],"about":[{"href":"https:\/\/diarioregionaldigital.com.br\/index.php?rest_route=\/wp\/v2\/types\/post"}],"author":[{"embeddable":true,"href":"https:\/\/diarioregionaldigital.com.br\/index.php?rest_route=\/wp\/v2\/users\/96"}],"replies":[{"embeddable":true,"href":"https:\/\/diarioregionaldigital.com.br\/index.php?rest_route=%2Fwp%2Fv2%2Fcomments&post=164530"}],"version-history":[{"count":0,"href":"https:\/\/diarioregionaldigital.com.br\/index.php?rest_route=\/wp\/v2\/posts\/164530\/revisions"}],"wp:featuredmedia":[{"embeddable":true,"href":"https:\/\/diarioregionaldigital.com.br\/index.php?rest_route=\/wp\/v2\/media\/164531"}],"wp:attachment":[{"href":"https:\/\/diarioregionaldigital.com.br\/index.php?rest_route=%2Fwp%2Fv2%2Fmedia&parent=164530"}],"wp:term":[{"taxonomy":"category","embeddable":true,"href":"https:\/\/diarioregionaldigital.com.br\/index.php?rest_route=%2Fwp%2Fv2%2Fcategories&post=164530"},{"taxonomy":"post_tag","embeddable":true,"href":"https:\/\/diarioregionaldigital.com.br\/index.php?rest_route=%2Fwp%2Fv2%2Ftags&post=164530"}],"curies":[{"name":"wp","href":"https:\/\/api.w.org\/{rel}","templated":true}]}}