{"id":164527,"date":"2020-07-14T13:23:54","date_gmt":"2020-07-14T16:23:54","guid":{"rendered":"https:\/\/diarioregionaldigital.com.br\/?p=164527"},"modified":"2020-07-14T13:23:54","modified_gmt":"2020-07-14T16:23:54","slug":"resultado-do-sisu-do-segundo-semestre-ja-esta-disponivel-no-site","status":"publish","type":"post","link":"https:\/\/diarioregionaldigital.com.br\/?p=164527","title":{"rendered":"Resultado do Sisu do segundo semestre j\u00e1 est\u00e1 dispon\u00edvel no site"},"content":{"rendered":"<p>O\u00a0resultado do Sistema de Sele\u00e7\u00e3o Unificada (Sisu)\u00a0do segundo semestre de 2020 j\u00e1 est\u00e1 dispon\u00edvel no\u00a0<em>site<\/em>\u00a0oficial do Sisu.\u00a0Para fazer consulta, o candidato deve informar o n\u00famero de inscri\u00e7\u00e3o e a senha.\u00a0O per\u00edodo para matr\u00edcula da chamada regular ser\u00e1 de 16 a\u00a021 de julho. O resultado foi divulgado na manh\u00e3 desta ter\u00e7a-feira (14), pelo Minist\u00e9rio da Educa\u00e7\u00e3o (MEC).<img decoding=\"async\" src=\"https:\/\/agenciabrasil.ebc.com.br\/ebc.png?id=1311478&amp;o=node\" \/><\/p>\n<p>Ao todo, mais\u00a0de\u00a0814 mil\u00a0inscri\u00e7\u00f5es foram feitas. Segundo o MEC, mais da metade desses estudantes \u2013 424.991\u00a0mil \u2013 disputam 51.924\u00a0vagas ofertadas em 57 institui\u00e7\u00f5es p\u00fablicas de educa\u00e7\u00e3o superior do pa\u00eds.<\/p>\n<p>Pela primeira vez,\u00a0o Sisu oferece\u00a0vagas na modalidade ensino a dist\u00e2ncia (EaD). Al\u00e9m de ter feito o Exame Nacional do Ensino M\u00e9dio (Enem) de 2019, os\u00a0candidatos n\u00e3o podem ter\u00a0zerado a reda\u00e7\u00e3o. Quem fez o exame na condi\u00e7\u00e3o de treineiro n\u00e3o pode participar.<\/p>\n<p>De acordo com o edital do programa, a ordem dos crit\u00e9rios para a classifica\u00e7\u00e3o de candidatos \u00e9 a seguinte: maior nota na reda\u00e7\u00e3o, maior nota na prova de linguagens, c\u00f3digos e suas tecnologias; maior nota na prova de matem\u00e1tica e suas tecnologias; maior nota na prova de ci\u00eancias da natureza e suas tecnologias e maior nota na prova de ci\u00eancias humanas e suas tecnologias.<\/p>\n<p><strong>Lista de espera<\/strong><\/p>\n<p>Quem n\u00e3o for\u00a0selecionado nesta primeira chamada dever\u00e1 manifestar o interesse em participar da\u00a0lista de espera, por meio da p\u00e1gina do Sisu na internet, entre\u00a0hoje\u00a0e\u00a021 de julho.<\/p>\n<p>A partir da\u00ed, a convoca\u00e7\u00e3o come\u00e7a a ser feita no dia\u00a024 de julho\u00a0pelas institui\u00e7\u00f5es para preenchimento das vagas em lista de espera. Os selecionados devem observar prazos, procedimentos e documentos exigidos para matr\u00edcula ou para registro acad\u00eamico, estabelecidos em edital pr\u00f3prio da institui\u00e7\u00e3o, inclusive hor\u00e1rios e locais de atendimento por ela definidos.<\/p>\n<p><strong>Fonte:\u00a0<\/strong>Ag\u00eancia Brasil<\/p>\n","protected":false},"excerpt":{"rendered":"<p>O\u00a0resultado do Sistema de Sele\u00e7\u00e3o Unificada (Sisu)\u00a0do segundo semestre de 2020 j\u00e1 est\u00e1 dispon\u00edvel no\u00a0site\u00a0oficial do Sisu.\u00a0Para fazer consulta, o candidato deve informar o n\u00famero de inscri\u00e7\u00e3o e a senha.\u00a0O per\u00edodo para matr\u00edcula da chamada regular ser\u00e1 de 16 a\u00a021 de julho. O resultado foi divulgado na manh\u00e3 desta ter\u00e7a-feira (14), pelo Minist\u00e9rio da Educa\u00e7\u00e3o [&hellip;]<\/p>\n","protected":false},"author":96,"featured_media":164528,"comment_status":"closed","ping_status":"closed","sticky":false,"template":"","format":"standard","meta":{"footnotes":""},"categories":[302,436,439],"tags":[],"class_list":["post-164527","post","type-post","status-publish","format-standard","has-post-thumbnail","hentry","category-brasil-mundo","category-destaque-da-semana","category-ultima-hora"],"_links":{"self":[{"href":"https:\/\/diarioregionaldigital.com.br\/index.php?rest_route=\/wp\/v2\/posts\/164527","targetHints":{"allow":["GET"]}}],"collection":[{"href":"https:\/\/diarioregionaldigital.com.br\/index.php?rest_route=\/wp\/v2\/posts"}],"about":[{"href":"https:\/\/diarioregionaldigital.com.br\/index.php?rest_route=\/wp\/v2\/types\/post"}],"author":[{"embeddable":true,"href":"https:\/\/diarioregionaldigital.com.br\/index.php?rest_route=\/wp\/v2\/users\/96"}],"replies":[{"embeddable":true,"href":"https:\/\/diarioregionaldigital.com.br\/index.php?rest_route=%2Fwp%2Fv2%2Fcomments&post=164527"}],"version-history":[{"count":0,"href":"https:\/\/diarioregionaldigital.com.br\/index.php?rest_route=\/wp\/v2\/posts\/164527\/revisions"}],"wp:featuredmedia":[{"embeddable":true,"href":"https:\/\/diarioregionaldigital.com.br\/index.php?rest_route=\/wp\/v2\/media\/164528"}],"wp:attachment":[{"href":"https:\/\/diarioregionaldigital.com.br\/index.php?rest_route=%2Fwp%2Fv2%2Fmedia&parent=164527"}],"wp:term":[{"taxonomy":"category","embeddable":true,"href":"https:\/\/diarioregionaldigital.com.br\/index.php?rest_route=%2Fwp%2Fv2%2Fcategories&post=164527"},{"taxonomy":"post_tag","embeddable":true,"href":"https:\/\/diarioregionaldigital.com.br\/index.php?rest_route=%2Fwp%2Fv2%2Ftags&post=164527"}],"curies":[{"name":"wp","href":"https:\/\/api.w.org\/{rel}","templated":true}]}}