{"id":164524,"date":"2020-07-14T13:21:48","date_gmt":"2020-07-14T16:21:48","guid":{"rendered":"https:\/\/diarioregionaldigital.com.br\/?p=164524"},"modified":"2020-07-14T13:21:48","modified_gmt":"2020-07-14T16:21:48","slug":"vereadores-e-coordenador-do-protocolo-jf-dialogam-sobre-mapeamento-de-informacoes-no-enfrentamento-da-covid-19","status":"publish","type":"post","link":"https:\/\/diarioregionaldigital.com.br\/?p=164524","title":{"rendered":"Vereadores e coordenador do Protocolo JF dialogam sobre mapeamento de informa\u00e7\u00f5es no enfrentamento da Covid-19"},"content":{"rendered":"<p><span style=\"font-weight: 400;\">O idealizador do Protocolo JF, S\u00e9rgio Bara, participou na segunda-feira (13), da Reuni\u00e3o Ordin\u00e1ria para apresentar aos vereadores os trabalhos de testagem para COVID-19 da popula\u00e7\u00e3o da cidade. Com a participa\u00e7\u00e3o da sociedade civil e de \u00f3rg\u00e3os p\u00fablicos por meio de doa\u00e7\u00f5es e apoio de entidades e hospitais da rede privada de sa\u00fade, da Secretaria Estadual de Sa\u00fade e da Prefeitura de Juiz de Fora, a iniciativa faz capta\u00e7\u00e3o e orienta\u00e7\u00e3o de cidad\u00e3os pelo aplicativo Dados do Bem. Nos primeiros seis dias de testagem, houve 2.195 downloads do aplicativo, sendo 60,5% feitos por mulheres e 39,5% por homens. Ao todo, foram realizados at\u00e9 domingo (12), um total de 148 testes com 9 resultados positivos. \u201cNesse ritmo, a meta \u00e9 chegar a 100 exames por dia, 50 no Independ\u00eancia Shopping e outros 50 no Shopping Jardim Norte\u201d, prev\u00ea o coordenador do projeto.\u00a0<\/span><\/p>\n<p><span style=\"font-weight: 400;\">Os vereadores aproveitaram a ocasi\u00e3o para questionar e debater a\u00e7\u00f5es efetivas para a cidade tais como um setor de informa\u00e7\u00f5es e intelig\u00eancia para gest\u00e3o efetiva de controle; mapeamento por geolocaliza\u00e7\u00e3o de contamina\u00e7\u00e3o por bairros; participa\u00e7\u00e3o da popula\u00e7\u00e3o; e a\u00e7\u00e3o conjunta dos diversos setores da cidade. Quando questionado sobre a demora do pa\u00eds em adotar medidas efetivas para o enfrentamento da COVID-19, S\u00e9rgio argumentou que \u201co que importa n\u00e3o \u00e9 o que passou, mas o que ser\u00e1 feito daqui pra frente\u201d. Ele explicou que inicialmente h\u00e1 a estimativa de R$ 4 milh\u00f5es de reais para testar 2,5 % da popula\u00e7\u00e3o de Juiz de Fora. \u201cEssa foi a meta estabelecida, mas n\u00e3o vamos parar nisso at\u00e9 que haja vacina&#8221;.\u00a0<\/span><\/p>\n<p><span style=\"font-weight: 400;\">Ele ressaltou ainda que em Juiz de Fora j\u00e1 foram aplicados mais de 5 mil testes, mas sem geolocaliza\u00e7\u00e3o. O projeto em quest\u00e3o amplia a capacidade porque possibilita ferramentas nesse sentido. \u201cO protocolo chega para dar um passo \u00e0 frente do v\u00edrus com possibilidade de testagem, tratamento e rastreamento\u201d. Para S\u00e9rgio, o aplicativo do Dados do Bem \u00e9 uma forma de empoderamento da popula\u00e7\u00e3o. A partir dos resultados, haver\u00e1 um n\u00facleo multidisciplinar para an\u00e1lise dos dados e mais efetividade no controle da pandemia com a\u00e7\u00f5es mais assertivas. \u201cNesse n\u00facleo das an\u00e1lises dos dados \u00e9 que precisaremos unir for\u00e7as. Um ponto pac\u00edfico \u00e9 que todos precisam de que o v\u00edrus seja domado. S\u00f3 unindo as for\u00e7as da agilidade da iniciativa privada e do poder p\u00fablico como autoridade m\u00e1xima de sa\u00fade \u00e9 poss\u00edvel virar o jogo&#8221;.\u00a0<\/span><\/p>\n<p><span style=\"font-weight: 400;\">No site protocolojf.com.br est\u00e3o dispon\u00edveis informa\u00e7\u00f5es detalhadas do programa, bem como links para download do aplicativo. S\u00e9rgio destaca que o cidad\u00e3o pode baixar em IOS e Android. Ele lembra a import\u00e2ncia da seriedade no uso do aplicativo e nas informa\u00e7\u00f5es prestadas. \u201cEsses dados realizados com epidemiologistas ser\u00e3o reunidos por intelig\u00eancia artificial do programa, e ele faz a defini\u00e7\u00e3o dos que devem fazer o teste. \u201cA cada sete dias o aplicativo faz a atualiza\u00e7\u00e3o e marca\u00e7\u00f5es para testagem. O resultado estar\u00e1 dispon\u00edvel para o cidad\u00e3o em 24 horas\u201d.<\/span><\/p>\n<p><strong>Fonte:<\/strong> Assessoria<\/p>\n","protected":false},"excerpt":{"rendered":"<p>O idealizador do Protocolo JF, S\u00e9rgio Bara, participou na segunda-feira (13), da Reuni\u00e3o Ordin\u00e1ria para apresentar aos vereadores os trabalhos de testagem para COVID-19 da popula\u00e7\u00e3o da cidade. Com a participa\u00e7\u00e3o da sociedade civil e de \u00f3rg\u00e3os p\u00fablicos por meio de doa\u00e7\u00f5es e apoio de entidades e hospitais da rede privada de sa\u00fade, da Secretaria [&hellip;]<\/p>\n","protected":false},"author":96,"featured_media":164525,"comment_status":"closed","ping_status":"closed","sticky":false,"template":"","format":"standard","meta":{"footnotes":""},"categories":[253,436,440,439],"tags":[],"class_list":["post-164524","post","type-post","status-publish","format-standard","has-post-thumbnail","hentry","category-cidade","category-destaque-da-semana","category-destaques-do-dia","category-ultima-hora"],"_links":{"self":[{"href":"https:\/\/diarioregionaldigital.com.br\/index.php?rest_route=\/wp\/v2\/posts\/164524","targetHints":{"allow":["GET"]}}],"collection":[{"href":"https:\/\/diarioregionaldigital.com.br\/index.php?rest_route=\/wp\/v2\/posts"}],"about":[{"href":"https:\/\/diarioregionaldigital.com.br\/index.php?rest_route=\/wp\/v2\/types\/post"}],"author":[{"embeddable":true,"href":"https:\/\/diarioregionaldigital.com.br\/index.php?rest_route=\/wp\/v2\/users\/96"}],"replies":[{"embeddable":true,"href":"https:\/\/diarioregionaldigital.com.br\/index.php?rest_route=%2Fwp%2Fv2%2Fcomments&post=164524"}],"version-history":[{"count":0,"href":"https:\/\/diarioregionaldigital.com.br\/index.php?rest_route=\/wp\/v2\/posts\/164524\/revisions"}],"wp:featuredmedia":[{"embeddable":true,"href":"https:\/\/diarioregionaldigital.com.br\/index.php?rest_route=\/wp\/v2\/media\/164525"}],"wp:attachment":[{"href":"https:\/\/diarioregionaldigital.com.br\/index.php?rest_route=%2Fwp%2Fv2%2Fmedia&parent=164524"}],"wp:term":[{"taxonomy":"category","embeddable":true,"href":"https:\/\/diarioregionaldigital.com.br\/index.php?rest_route=%2Fwp%2Fv2%2Fcategories&post=164524"},{"taxonomy":"post_tag","embeddable":true,"href":"https:\/\/diarioregionaldigital.com.br\/index.php?rest_route=%2Fwp%2Fv2%2Ftags&post=164524"}],"curies":[{"name":"wp","href":"https:\/\/api.w.org\/{rel}","templated":true}]}}