{"id":164521,"date":"2020-07-14T13:14:16","date_gmt":"2020-07-14T16:14:16","guid":{"rendered":"https:\/\/diarioregionaldigital.com.br\/?p=164521"},"modified":"2020-07-14T13:14:16","modified_gmt":"2020-07-14T16:14:16","slug":"cgu-encontra-299-mil-servidores-recebendo-auxilio-emergencial-irregular","status":"publish","type":"post","link":"https:\/\/diarioregionaldigital.com.br\/?p=164521","title":{"rendered":"CGU encontra 299 mil servidores recebendo aux\u00edlio emergencial irregular"},"content":{"rendered":"<p><span style=\"font-weight: 400;\">A Controladoria-Geral da Uni\u00e3o (CGU) identificou e bloqueou o pagamento do aux\u00edlio emergencial a 299 mil servidores p\u00fablicos estaduais e municipais que solicitaram o benef\u00edcio irregularmente durante a pandemia de coronav\u00edrus. A informa\u00e7\u00e3o \u00e9 do ministro da CGU, Wagner Ros\u00e1rio, que participou nesta ter\u00e7a-feira (14) de uma audi\u00eancia p\u00fablica da comiss\u00e3o que acompanha as a\u00e7\u00f5es do governo federal no enfrentamento da covid-19.<\/span><\/p>\n<p><span style=\"font-weight: 400;\">Os 299 mil casos citados pelo ministro representam 0,45% do total de 65,2 milh\u00f5es de pessoas que j\u00e1 receberam o aux\u00edlio desde abril. O benef\u00edcio de R$ 600 \u00e9 destinado a trabalhadores informais, microempreendedores individuais, aut\u00f4nomos e desempregados. Ele n\u00e3o pode ser pago a agentes p\u00fablicos, mesmo que tempor\u00e1rios.<\/span><\/p>\n<p><span style=\"font-weight: 400;\">\u201cRealmente, a gente tem encarado uma situa\u00e7\u00e3o de muita tentativa de fraude nos recursos do aux\u00edlio emergencial. Os cruzamentos identificaram n\u00fameros relevantes de servidores p\u00fablicos. Iniciamos um trabalho de busca nas folhas de pagamentos estaduais e municipais. Numa parceria com estados e munic\u00edpios, cruzamos e identificamos de 299 mil servidores de todos os entes recebendo recursos do aux\u00edlio emergencial. \u00c9 um recurso que a gente tem que estar muito atento\u201d disse.<\/span><\/p>\n<p><b>Dispensa de licita\u00e7\u00e3o<\/b><\/p>\n<p><span style=\"font-weight: 400;\">Wagner Ros\u00e1rio destacou ainda uma \u201can\u00e1lise pr\u00e9via\u201d realizada pela CGU nas aquisi\u00e7\u00f5es realizadas pelo Minist\u00e9rio da Sa\u00fade por meio de dispensa de licita\u00e7\u00e3o. Numa amostra de contrata\u00e7\u00f5es que somam R$ 6,4 bilh\u00f5es, o \u00f3rg\u00e3o de controle encontrou \u201cfragilidades\u201d em aquisi\u00e7\u00f5es que envolvem R$ 2 bilh\u00f5es. Desde o in\u00edcio da pandemia, o Pal\u00e1cio do Planalto liberou R$ 39,59 bilh\u00f5es para o Minist\u00e9rio da Sa\u00fade. Deste total, foram efetivamente pagos R$ 12,18 bilh\u00f5es.<\/span><\/p>\n<p><span style=\"font-weight: 400;\">De acordo com o ministro, a CGU tamb\u00e9m acompanha os repasses da Uni\u00e3o para estados, Distrito Federal e munic\u00edpios. O Portal da Transpar\u00eancia do governo federal mant\u00e9m um painel espec\u00edfico para orientar governadores e prefeitos nas compras relacionadas \u00e0 pandemia. O servi\u00e7o re\u00fane informa\u00e7\u00f5es sobre despesas realizadas por 280 entes da Federa\u00e7\u00e3o. Entre eles, todos os estados, todas as capitais e todos os munic\u00edpios com mais de 500 mil habitantes.<\/span><\/p>\n<p><span style=\"font-weight: 400;\">\u201cEstamos fazendo um trabalho bem bra\u00e7al de busca em di\u00e1rios oficiais e em portais de transpar\u00eancia de estados e munic\u00edpios. S\u00e3o levantamentos de pre\u00e7os e quantidades de aquisi\u00e7\u00e3o para oferecer aos gestores uma m\u00e9dia de pre\u00e7os praticados no momento da pandemia. Quando aumenta muito a demanda por equipamentos de prote\u00e7\u00e3o individual e respiradores, o pre\u00e7o sobe. Precis\u00e1vamos buscar um pre\u00e7o de refer\u00eancia para este momento. N\u00e3o adiantava muito tentar comparar o pre\u00e7o atual com o anterior. Tamb\u00e9m fizemos uma an\u00e1lise mais detalhada das empresas que est\u00e3o contratando, para tentar fazer uma an\u00e1lise de risco das aquisi\u00e7\u00f5es feitas pelos diversos entes federais, inclusive a Uni\u00e3o\u201d afirmou.<\/span><\/p>\n<p><strong>Fonte:<\/strong> Ag\u00eancia Senado<\/p>\n","protected":false},"excerpt":{"rendered":"<p>A Controladoria-Geral da Uni\u00e3o (CGU) identificou e bloqueou o pagamento do aux\u00edlio emergencial a 299 mil servidores p\u00fablicos estaduais e municipais que solicitaram o benef\u00edcio irregularmente durante a pandemia de coronav\u00edrus. A informa\u00e7\u00e3o \u00e9 do ministro da CGU, Wagner Ros\u00e1rio, que participou nesta ter\u00e7a-feira (14) de uma audi\u00eancia p\u00fablica da comiss\u00e3o que acompanha as a\u00e7\u00f5es [&hellip;]<\/p>\n","protected":false},"author":96,"featured_media":164522,"comment_status":"closed","ping_status":"closed","sticky":false,"template":"","format":"standard","meta":{"footnotes":""},"categories":[436,261,439],"tags":[],"class_list":["post-164521","post","type-post","status-publish","format-standard","has-post-thumbnail","hentry","category-destaque-da-semana","category-economia","category-ultima-hora"],"_links":{"self":[{"href":"https:\/\/diarioregionaldigital.com.br\/index.php?rest_route=\/wp\/v2\/posts\/164521","targetHints":{"allow":["GET"]}}],"collection":[{"href":"https:\/\/diarioregionaldigital.com.br\/index.php?rest_route=\/wp\/v2\/posts"}],"about":[{"href":"https:\/\/diarioregionaldigital.com.br\/index.php?rest_route=\/wp\/v2\/types\/post"}],"author":[{"embeddable":true,"href":"https:\/\/diarioregionaldigital.com.br\/index.php?rest_route=\/wp\/v2\/users\/96"}],"replies":[{"embeddable":true,"href":"https:\/\/diarioregionaldigital.com.br\/index.php?rest_route=%2Fwp%2Fv2%2Fcomments&post=164521"}],"version-history":[{"count":0,"href":"https:\/\/diarioregionaldigital.com.br\/index.php?rest_route=\/wp\/v2\/posts\/164521\/revisions"}],"wp:featuredmedia":[{"embeddable":true,"href":"https:\/\/diarioregionaldigital.com.br\/index.php?rest_route=\/wp\/v2\/media\/164522"}],"wp:attachment":[{"href":"https:\/\/diarioregionaldigital.com.br\/index.php?rest_route=%2Fwp%2Fv2%2Fmedia&parent=164521"}],"wp:term":[{"taxonomy":"category","embeddable":true,"href":"https:\/\/diarioregionaldigital.com.br\/index.php?rest_route=%2Fwp%2Fv2%2Fcategories&post=164521"},{"taxonomy":"post_tag","embeddable":true,"href":"https:\/\/diarioregionaldigital.com.br\/index.php?rest_route=%2Fwp%2Fv2%2Ftags&post=164521"}],"curies":[{"name":"wp","href":"https:\/\/api.w.org\/{rel}","templated":true}]}}