{"id":164518,"date":"2020-07-14T13:08:17","date_gmt":"2020-07-14T16:08:17","guid":{"rendered":"https:\/\/diarioregionaldigital.com.br\/?p=164518"},"modified":"2020-07-14T13:08:17","modified_gmt":"2020-07-14T16:08:17","slug":"receita-e-pgfn-prorrogam-por-30-dias-validade-de-certidoes-conjuntas","status":"publish","type":"post","link":"https:\/\/diarioregionaldigital.com.br\/?p=164518","title":{"rendered":"Receita e PGFN prorrogam por 30 dias validade de certid\u00f5es conjuntas"},"content":{"rendered":"<p><span style=\"font-weight: 400;\">A Secretaria da Receita Federal do Brasil (RFB) e a Procuradoria-Geral da Fazenda Nacional (PGFN) prorrogaram por mais 30 dias o prazo de validade das Certid\u00f5es Negativas de D\u00e9bitos (CND) e das Certid\u00f5es Positivas com Efeitos de Negativas (CNEND), ambas relativas a cr\u00e9ditos tribut\u00e1rios federais e \u00e0 Divida Ativa da Uni\u00e3o.<\/span><\/p>\n<p><span style=\"font-weight: 400;\">A medida est\u00e1 prevista pela Portaria Conjunta RFB\/PGFN n\u00ba 1.178, de 13 de julho de 2020, publicada no <\/span><i><span style=\"font-weight: 400;\">Di\u00e1rio Oficial da Uni\u00e3o<\/span><\/i><span style=\"font-weight: 400;\"> dessa ter\u00e7a-feira (14).<\/span><\/p>\n<p><span style=\"font-weight: 400;\">Inicialmente, em decorr\u00eancia da pandemia causada pelo novo coronav\u00edrus, que imp\u00f4s a paralisa\u00e7\u00e3o das atividades empresariais, a Receita e a PGFN editaram a Portaria Conjunta RFB\/PGFN n\u00ba 555, que prorrogou por 90 dias o prazo de validade das CND e das CPEND v\u00e1lidas em 24 de mar\u00e7o de 2020, data de publica\u00e7\u00e3o da Portaria Conjunta.<\/span><\/p>\n<p><span style=\"font-weight: 400;\">\u201cPor\u00e9m, passados os 90 dias, a expectativa de retomada da atividade econ\u00f4mica n\u00e3o se verificou em sua plenitude. Por essa raz\u00e3o, conclui-se ser necess\u00e1rio conceder nova prorroga\u00e7\u00e3o por 30 dias, prazo que, sup\u00f5e-se, ser suficiente para o restabelecimento da maior parte das atividades empresariais\u201d, diz a Receita.<\/span><\/p>\n<p><span style=\"font-weight: 400;\">A CND \u00e9 emitida quando n\u00e3o h\u00e1 pend\u00eancias em nome do sujeito passivo relativas a d\u00e9bitos, dados cadastrais e apresenta\u00e7\u00e3o de declara\u00e7\u00f5es administrados pela Receita Federal, ou inscri\u00e7\u00e3o na D\u00edvida Ativa da Uni\u00e3o. A CPEND \u00e9 emitida quando existe uma pend\u00eancia, por\u00e9m ela est\u00e1 com seus efeitos suspensos (por exemplo, em virtude de decis\u00e3o judicial). As duas certid\u00f5es s\u00e3o necess\u00e1rias para que as pessoas jur\u00eddicas exer\u00e7am uma s\u00e9rie de atividades, como, por exemplo, participar de licita\u00e7\u00f5es ou obter financiamentos.<\/span><\/p>\n<p><span style=\"font-weight: 400;\">A Receita destaca que as medidas valem apenas para as certid\u00f5es conjuntas que j\u00e1 foram expedidas e ainda est\u00e3o no per\u00edodo de validade e visam a minimizar os efeitos decorrentes da crise para a atividade econ\u00f4mica em \u00e2mbito nacional.<\/span><\/p>\n<p><span style=\"font-weight: 400;\">\u00a0<strong>Fonte:\u00a0<\/strong>Ag\u00eancia Brasil<\/span><\/p>\n","protected":false},"excerpt":{"rendered":"<p>A Secretaria da Receita Federal do Brasil (RFB) e a Procuradoria-Geral da Fazenda Nacional (PGFN) prorrogaram por mais 30 dias o prazo de validade das Certid\u00f5es Negativas de D\u00e9bitos (CND) e das Certid\u00f5es Positivas com Efeitos de Negativas (CNEND), ambas relativas a cr\u00e9ditos tribut\u00e1rios federais e \u00e0 Divida Ativa da Uni\u00e3o. A medida est\u00e1 prevista [&hellip;]<\/p>\n","protected":false},"author":96,"featured_media":164519,"comment_status":"closed","ping_status":"closed","sticky":false,"template":"","format":"standard","meta":{"footnotes":""},"categories":[436,261,439],"tags":[],"class_list":["post-164518","post","type-post","status-publish","format-standard","has-post-thumbnail","hentry","category-destaque-da-semana","category-economia","category-ultima-hora"],"_links":{"self":[{"href":"https:\/\/diarioregionaldigital.com.br\/index.php?rest_route=\/wp\/v2\/posts\/164518","targetHints":{"allow":["GET"]}}],"collection":[{"href":"https:\/\/diarioregionaldigital.com.br\/index.php?rest_route=\/wp\/v2\/posts"}],"about":[{"href":"https:\/\/diarioregionaldigital.com.br\/index.php?rest_route=\/wp\/v2\/types\/post"}],"author":[{"embeddable":true,"href":"https:\/\/diarioregionaldigital.com.br\/index.php?rest_route=\/wp\/v2\/users\/96"}],"replies":[{"embeddable":true,"href":"https:\/\/diarioregionaldigital.com.br\/index.php?rest_route=%2Fwp%2Fv2%2Fcomments&post=164518"}],"version-history":[{"count":0,"href":"https:\/\/diarioregionaldigital.com.br\/index.php?rest_route=\/wp\/v2\/posts\/164518\/revisions"}],"wp:featuredmedia":[{"embeddable":true,"href":"https:\/\/diarioregionaldigital.com.br\/index.php?rest_route=\/wp\/v2\/media\/164519"}],"wp:attachment":[{"href":"https:\/\/diarioregionaldigital.com.br\/index.php?rest_route=%2Fwp%2Fv2%2Fmedia&parent=164518"}],"wp:term":[{"taxonomy":"category","embeddable":true,"href":"https:\/\/diarioregionaldigital.com.br\/index.php?rest_route=%2Fwp%2Fv2%2Fcategories&post=164518"},{"taxonomy":"post_tag","embeddable":true,"href":"https:\/\/diarioregionaldigital.com.br\/index.php?rest_route=%2Fwp%2Fv2%2Ftags&post=164518"}],"curies":[{"name":"wp","href":"https:\/\/api.w.org\/{rel}","templated":true}]}}