{"id":164513,"date":"2020-07-14T11:24:31","date_gmt":"2020-07-14T14:24:31","guid":{"rendered":"https:\/\/diarioregionaldigital.com.br\/?p=164513"},"modified":"2020-07-14T11:24:31","modified_gmt":"2020-07-14T14:24:31","slug":"ansal-e-gil-chegam-a-acordo-sobre-o-futuro-de-198-trabalhadores","status":"publish","type":"post","link":"https:\/\/diarioregionaldigital.com.br\/?p=164513","title":{"rendered":"Ansal e GIL chegam a acordo sobre o futuro de 198 trabalhadores"},"content":{"rendered":"<p><span style=\"font-weight: 400;\">Ap\u00f3s mais de 10 horas de reuni\u00e3o entre a Via\u00e7\u00e3o Goretti Irm\u00e3os Ltda (GIL) e Auto Nossa Senhora Aparecida Ltda (Ansal), junto ao Sindicato dos Trabalhadores em Transporte Rodovi\u00e1rio de Juiz de Fora (Sinttro\/JF), que se estendeu na madrugada desta ter\u00e7a-feira (14), foi definido o acordo referente \u00e0s situa\u00e7\u00f5es de 198 funcion\u00e1rios da GIL, os quais n\u00e3o sabiam para qual empresa iriam trabalhar.<\/span><\/p>\n<p><span style=\"font-weight: 400;\">O acordo definiu que a partir desta quinta-feira (15), os trabalhadores citados ser\u00e3o inclu\u00eddos na escala de trabalho da GIL e tamb\u00e9m ficar\u00e1 responsabilizada em fazer os pagamentos dos sal\u00e1rios <\/span><span style=\"font-weight: 400;\">at\u00e9 o final do Benef\u00edcio Emergencial de Preserva\u00e7\u00e3o do Emprego do Governo Federal de 6 de julho de 2020.<\/span><\/p>\n<p><span style=\"font-weight: 400;\">Contudo, a partir do momento em que o programa imposto pelo Governo chegar ao fim ou n\u00e3o for renovado pela GIL, a empresa poder\u00e1 optar pela rescis\u00e3o de contrato de seus funcion\u00e1rios, \u201c<\/span><span style=\"font-weight: 400;\">procedendo com o pagamento de todas as verbas rescis\u00f3rias e dividendos, como o FGTS e benef\u00edcios constantes no acordo coletivo da categoria\u201d segundo comunicado da Sinttro\/JF.<\/span><\/p>\n<p><span style=\"font-weight: 400;\">Al\u00e9m disso, a partir do momento em que os funcion\u00e1rios da GIL forem demitidos, \u201ca empresa Ansal se comprometeu a admitir imediatamente no dia seguinte todos estes trabalhadores por contrato por tempo indeterminado\u201d.<\/span><\/p>\n<p><b>Acordo referente ao pagamento<\/b><\/p>\n<p><span style=\"font-weight: 400;\">Segundo o comunicado da Sinttro\/JF, foi definido \u201cque a empresa Ansal repassar\u00e1 a t\u00edtulo de adiantamento assim que a empresa GIL proceder com a primeira rescis\u00e3o uma quantia entre R$100.000,00 a R$200.00,00 para que esta proceda com os devidos pagamento das rescis\u00f5es\u201d.<\/span><\/p>\n<p><span style=\"font-weight: 400;\">O sindicato estabeleceu tamb\u00e9m que as duas empresas ser\u00e3o multadas, se n\u00e3o cumprirem o acordo. Al\u00e9m disso, a GIL ser\u00e1 \u201ccondenada a pagar R$500,00 por trabalhador e a empresa ANSAL ao pagamento a cada trabalhador de dois sal\u00e1rios equivalente ao piso da categoria\u201d.<\/span><\/p>\n<p><b>Entenda o caso<\/b><\/p>\n<p><span style=\"font-weight: 400;\">Na \u00faltima quarta-feira (8), os 198 funcion\u00e1rios realizaram um protesto no Centro de Juiz de Fora, ap\u00f3s uma altera\u00e7\u00e3o contratual, na qual algumas linhas da GIL foram transferidas para a Ansal em dezembro de 2019. Devido \u00e0 crise decorrente do Coronav\u00edrus, que gerou preju\u00edzo de mais de R$ 15 milh\u00f5es \u00e0s empresas, a Ansal devolveu as linhas e os motoristas e cobradores para a GIL no dia 15 de junho.<\/span><\/p>\n<p><span style=\"font-weight: 400;\">Conforme o sindicato, os trabalhadores deveriam ter sido demitidos pela GIL para serem contratados, posteriormente, pela Ansal, o que n\u00e3o acabou acontecendo. A quest\u00e3o dos tais funcion\u00e1rios est\u00e1 prevista na MP 936\/2020, na qual diz que eles n\u00e3o podem ser demitidos mesmo em meio a dificuldades financeiras das empresas, que geram atrasos de pagamentos ao menos desde o \u00faltimo m\u00eas de maio.<\/span><\/p>\n<p>&nbsp;<\/p>\n","protected":false},"excerpt":{"rendered":"<p>Ap\u00f3s mais de 10 horas de reuni\u00e3o entre a Via\u00e7\u00e3o Goretti Irm\u00e3os Ltda (GIL) e Auto Nossa Senhora Aparecida Ltda (Ansal), junto ao Sindicato dos Trabalhadores em Transporte Rodovi\u00e1rio de Juiz de Fora (Sinttro\/JF), que se estendeu na madrugada desta ter\u00e7a-feira (14), foi definido o acordo referente \u00e0s situa\u00e7\u00f5es de 198 funcion\u00e1rios da GIL, os [&hellip;]<\/p>\n","protected":false},"author":96,"featured_media":164514,"comment_status":"closed","ping_status":"closed","sticky":false,"template":"","format":"standard","meta":{"footnotes":""},"categories":[253,436,440,439],"tags":[],"class_list":["post-164513","post","type-post","status-publish","format-standard","has-post-thumbnail","hentry","category-cidade","category-destaque-da-semana","category-destaques-do-dia","category-ultima-hora"],"_links":{"self":[{"href":"https:\/\/diarioregionaldigital.com.br\/index.php?rest_route=\/wp\/v2\/posts\/164513","targetHints":{"allow":["GET"]}}],"collection":[{"href":"https:\/\/diarioregionaldigital.com.br\/index.php?rest_route=\/wp\/v2\/posts"}],"about":[{"href":"https:\/\/diarioregionaldigital.com.br\/index.php?rest_route=\/wp\/v2\/types\/post"}],"author":[{"embeddable":true,"href":"https:\/\/diarioregionaldigital.com.br\/index.php?rest_route=\/wp\/v2\/users\/96"}],"replies":[{"embeddable":true,"href":"https:\/\/diarioregionaldigital.com.br\/index.php?rest_route=%2Fwp%2Fv2%2Fcomments&post=164513"}],"version-history":[{"count":0,"href":"https:\/\/diarioregionaldigital.com.br\/index.php?rest_route=\/wp\/v2\/posts\/164513\/revisions"}],"wp:featuredmedia":[{"embeddable":true,"href":"https:\/\/diarioregionaldigital.com.br\/index.php?rest_route=\/wp\/v2\/media\/164514"}],"wp:attachment":[{"href":"https:\/\/diarioregionaldigital.com.br\/index.php?rest_route=%2Fwp%2Fv2%2Fmedia&parent=164513"}],"wp:term":[{"taxonomy":"category","embeddable":true,"href":"https:\/\/diarioregionaldigital.com.br\/index.php?rest_route=%2Fwp%2Fv2%2Fcategories&post=164513"},{"taxonomy":"post_tag","embeddable":true,"href":"https:\/\/diarioregionaldigital.com.br\/index.php?rest_route=%2Fwp%2Fv2%2Ftags&post=164513"}],"curies":[{"name":"wp","href":"https:\/\/api.w.org\/{rel}","templated":true}]}}