{"id":164510,"date":"2020-07-14T10:45:14","date_gmt":"2020-07-14T13:45:14","guid":{"rendered":"https:\/\/diarioregionaldigital.com.br\/?p=164510"},"modified":"2020-07-14T10:45:14","modified_gmt":"2020-07-14T13:45:14","slug":"covid-19-novo-boletim-aponta-78-643-casos-confirmados-em-minas-gerais","status":"publish","type":"post","link":"https:\/\/diarioregionaldigital.com.br\/?p=164510","title":{"rendered":"Covid-19: novo boletim aponta 78.643 casos confirmados em Minas Gerais"},"content":{"rendered":"<p>O boletim epidemiol\u00f3gico divulgado nesta ter\u00e7a-feira (14) pela Secretaria de Estado da Sa\u00fade de Minas Gerais (SES-MG), aponta que o estado obteve aumento de 76.822 para 78.643 casos confirmados por Coronav\u00edrus. Conforme o levantamento, foram registradas 73 mortes, totalizando 1.688. Os \u00f3bitos confirmados no novo boletim foram registrados em: Belo Horizonte (15), Jo\u00e3o Monlevade (1), Betim (4), Ibirit\u00e9 (2), Igarap\u00e9 (1), Barbacena (1), Ribeir\u00e3o das Neves (10), Pedro Leopoldo (2), Contagem (3), Brumadinho (2), Buritizeiro (1), Pirapora (1), Itanhomi (1), Governador Valadares (2), Araguari (3), Japonvar (1), Coronel Fabriciano (1), Tim\u00f3teo (2), Caratinga (1), Mar de Espanha (1), Juiz de Fora (1), Uberl\u00e2ndia (4), Alfenas (1), Lavras (2), S\u00e3o Sebasti\u00e3o do Para\u00edso (1), Ita\u00fana (1), Itapecerica (1), Divin\u00f3polis (2), Tupaciguara (1), Argirita (1), Leopoldina (2) e Pirapetinga (1).<\/p>\n<p>Al\u00e9m disso, 53.111 pacientes est\u00e3o recuperados da doen\u00e7a, representando 67,5% dos casos. Conforme o levantamento 23.844 pacientes est\u00e3o sob acompanhamento m\u00e9dico. At\u00e9 ent\u00e3o foram feitos 54.390 testes laboratoriais, sendo que 11.582 deram positivo, 40.409 deram negativo e 1.596 est\u00e3o sob an\u00e1lise.<\/p>\n<p>Confira abaixo a tabela completa com os \u00f3bitos confirmados no estado:<\/p>\n<p><a href=\"https:\/\/diarioregionaldigital.com.br\/wp-content\/uploads\/2020\/07\/OBITOS_CONF_COVID-19_MG_14.07.2020-1.xls\">OBITOS_CONF_COVID-19_MG_14.07.2020 (1)<\/a><\/p>\n","protected":false},"excerpt":{"rendered":"<p>O boletim epidemiol\u00f3gico divulgado nesta ter\u00e7a-feira (14) pela Secretaria de Estado da Sa\u00fade de Minas Gerais (SES-MG), aponta que o estado obteve aumento de 76.822 para 78.643 casos confirmados por Coronav\u00edrus. Conforme o levantamento, foram registradas 73 mortes, totalizando 1.688. Os \u00f3bitos confirmados no novo boletim foram registrados em: Belo Horizonte (15), Jo\u00e3o Monlevade (1), [&hellip;]<\/p>\n","protected":false},"author":96,"featured_media":163058,"comment_status":"closed","ping_status":"closed","sticky":false,"template":"","format":"standard","meta":{"footnotes":""},"categories":[436,440,252,439],"tags":[],"class_list":["post-164510","post","type-post","status-publish","format-standard","has-post-thumbnail","hentry","category-destaque-da-semana","category-destaques-do-dia","category-regiao","category-ultima-hora"],"_links":{"self":[{"href":"https:\/\/diarioregionaldigital.com.br\/index.php?rest_route=\/wp\/v2\/posts\/164510","targetHints":{"allow":["GET"]}}],"collection":[{"href":"https:\/\/diarioregionaldigital.com.br\/index.php?rest_route=\/wp\/v2\/posts"}],"about":[{"href":"https:\/\/diarioregionaldigital.com.br\/index.php?rest_route=\/wp\/v2\/types\/post"}],"author":[{"embeddable":true,"href":"https:\/\/diarioregionaldigital.com.br\/index.php?rest_route=\/wp\/v2\/users\/96"}],"replies":[{"embeddable":true,"href":"https:\/\/diarioregionaldigital.com.br\/index.php?rest_route=%2Fwp%2Fv2%2Fcomments&post=164510"}],"version-history":[{"count":0,"href":"https:\/\/diarioregionaldigital.com.br\/index.php?rest_route=\/wp\/v2\/posts\/164510\/revisions"}],"wp:featuredmedia":[{"embeddable":true,"href":"https:\/\/diarioregionaldigital.com.br\/index.php?rest_route=\/wp\/v2\/media\/163058"}],"wp:attachment":[{"href":"https:\/\/diarioregionaldigital.com.br\/index.php?rest_route=%2Fwp%2Fv2%2Fmedia&parent=164510"}],"wp:term":[{"taxonomy":"category","embeddable":true,"href":"https:\/\/diarioregionaldigital.com.br\/index.php?rest_route=%2Fwp%2Fv2%2Fcategories&post=164510"},{"taxonomy":"post_tag","embeddable":true,"href":"https:\/\/diarioregionaldigital.com.br\/index.php?rest_route=%2Fwp%2Fv2%2Ftags&post=164510"}],"curies":[{"name":"wp","href":"https:\/\/api.w.org\/{rel}","templated":true}]}}