{"id":164497,"date":"2020-07-14T06:00:41","date_gmt":"2020-07-14T09:00:41","guid":{"rendered":"https:\/\/diarioregionaldigital.com.br\/?p=164497"},"modified":"2020-07-27T16:28:32","modified_gmt":"2020-07-27T19:28:32","slug":"olha-so-16","status":"publish","type":"post","link":"https:\/\/diarioregionaldigital.com.br\/?p=164497","title":{"rendered":"Olha S\u00f3"},"content":{"rendered":"<p style=\"text-align: center;\"><strong>Olha S\u00f3<\/strong><\/p>\n<p style=\"text-align: center;\">Com seu sorriso franco e alto astral, a estimada Gilmara Delmonte, a Miloca de Doutores do Amor trouxe novidade para a quarentena. Com a suspens\u00e3o das visitas aos hospitais, cl\u00ednicas e abrigos, o grupo est\u00e1 escrevendo cartas com desenhos para os pacientes.<\/p>\n<p style=\"text-align: center;\"><strong>Pedra Preciosa<\/strong><\/p>\n<p style=\"text-align: center;\">Linda de viver, a designer de J\u00f3ias Ana Khouri est\u00e1 a frente de projeto para ajudar a minimizar os efeitos da pandemia. A inten\u00e7\u00e3o \u00e9 melhorar a vida de muitas pessoas, mas tamb\u00e9m buscar capacitar e promover a cidadania que transforma e constr\u00f3i. O projeto Ovo- uma plataforma de vendas no Instagram tem renda revertida para institui\u00e7\u00f5es sem fins lucrativos.<\/p>\n<p style=\"text-align: center;\"><span style=\"font-size: 14pt;\"><strong>Para Refletir<\/strong><\/span><\/p>\n<p style=\"text-align: center;\">A arte tamb\u00e9m se beneficiar\u00e1 desta pandemia. N\u00e3o s\u00f3 por sua valoriza\u00e7\u00e3o evidente, mas tamb\u00e9m pelo surgimento de talentos at\u00e9 ent\u00e3o desconhecidos. O que teria sido de n\u00f3s sem livros, m\u00fasica e filmes nesse longo confinamento? A humanidade com sua express\u00e3o art\u00edstica mostrou que n\u00e3o voltaremos a ser apenas consumidores de cultura, mas fornecedores tamb\u00e9m.<\/p>\n<div id=\"attachment_164480\" style=\"width: 690px\" class=\"wp-caption aligncenter\"><img loading=\"lazy\" decoding=\"async\" aria-describedby=\"caption-attachment-164480\" class=\"wp-image-164480\" src=\"https:\/\/diarioregionaldigital.com.br\/wp-content\/uploads\/2020\/07\/fotoa-6-e1594700661407.jpg\" alt=\"\" width=\"680\" height=\"557\" srcset=\"https:\/\/diarioregionaldigital.com.br\/wp-content\/uploads\/2020\/07\/fotoa-6-e1594700661407.jpg 605w, https:\/\/diarioregionaldigital.com.br\/wp-content\/uploads\/2020\/07\/fotoa-6-e1594700661407-300x246.jpg 300w, https:\/\/diarioregionaldigital.com.br\/wp-content\/uploads\/2020\/07\/fotoa-6-e1594700661407-220x180.jpg 220w, https:\/\/diarioregionaldigital.com.br\/wp-content\/uploads\/2020\/07\/fotoa-6-e1594700661407-360x295.jpg 360w\" sizes=\"auto, (max-width: 680px) 100vw, 680px\" \/><p id=\"caption-attachment-164480\" class=\"wp-caption-text\">Uma foco de luz na bonita e elegante Adelaide Rodrigues<\/p><\/div>\n<div id=\"attachment_164482\" style=\"width: 690px\" class=\"wp-caption aligncenter\"><img loading=\"lazy\" decoding=\"async\" aria-describedby=\"caption-attachment-164482\" class=\"wp-image-164482\" src=\"https:\/\/diarioregionaldigital.com.br\/wp-content\/uploads\/2020\/07\/fotob-7-e1594700739197.jpg\" alt=\"\" width=\"680\" height=\"505\" srcset=\"https:\/\/diarioregionaldigital.com.br\/wp-content\/uploads\/2020\/07\/fotob-7-e1594700739197.jpg 720w, https:\/\/diarioregionaldigital.com.br\/wp-content\/uploads\/2020\/07\/fotob-7-e1594700739197-300x223.jpg 300w, https:\/\/diarioregionaldigital.com.br\/wp-content\/uploads\/2020\/07\/fotob-7-e1594700739197-360x268.jpg 360w\" sizes=\"auto, (max-width: 680px) 100vw, 680px\" \/><p id=\"caption-attachment-164482\" class=\"wp-caption-text\">Aniversariante de destaque da temporada social, Joelson oliveira (J\u00f4), na linha de frente da sa\u00fade no Rio<\/p><\/div>\n<div id=\"attachment_164483\" style=\"width: 690px\" class=\"wp-caption aligncenter\"><img loading=\"lazy\" decoding=\"async\" aria-describedby=\"caption-attachment-164483\" class=\"wp-image-164483\" src=\"https:\/\/diarioregionaldigital.com.br\/wp-content\/uploads\/2020\/07\/fotobb-1-e1594700769897.jpeg\" alt=\"\" width=\"680\" height=\"510\" srcset=\"https:\/\/diarioregionaldigital.com.br\/wp-content\/uploads\/2020\/07\/fotobb-1-e1594700769897.jpeg 896w, https:\/\/diarioregionaldigital.com.br\/wp-content\/uploads\/2020\/07\/fotobb-1-e1594700769897-300x225.jpeg 300w, https:\/\/diarioregionaldigital.com.br\/wp-content\/uploads\/2020\/07\/fotobb-1-e1594700769897-768x576.jpeg 768w, https:\/\/diarioregionaldigital.com.br\/wp-content\/uploads\/2020\/07\/fotobb-1-e1594700769897-360x270.jpeg 360w\" sizes=\"auto, (max-width: 680px) 100vw, 680px\" \/><p id=\"caption-attachment-164483\" class=\"wp-caption-text\">Um foco de luz na bonita Rose Oliveira com muita esperan\u00e7a de dias melhores<\/p><\/div>\n<div id=\"attachment_164484\" style=\"width: 690px\" class=\"wp-caption aligncenter\"><img loading=\"lazy\" decoding=\"async\" aria-describedby=\"caption-attachment-164484\" class=\"wp-image-164484\" src=\"https:\/\/diarioregionaldigital.com.br\/wp-content\/uploads\/2020\/07\/fotoc-6-e1594700799513.jpg\" alt=\"\" width=\"680\" height=\"512\" srcset=\"https:\/\/diarioregionaldigital.com.br\/wp-content\/uploads\/2020\/07\/fotoc-6-e1594700799513.jpg 1033w, https:\/\/diarioregionaldigital.com.br\/wp-content\/uploads\/2020\/07\/fotoc-6-e1594700799513-300x226.jpg 300w, https:\/\/diarioregionaldigital.com.br\/wp-content\/uploads\/2020\/07\/fotoc-6-e1594700799513-1024x771.jpg 1024w, https:\/\/diarioregionaldigital.com.br\/wp-content\/uploads\/2020\/07\/fotoc-6-e1594700799513-768x578.jpg 768w, https:\/\/diarioregionaldigital.com.br\/wp-content\/uploads\/2020\/07\/fotoc-6-e1594700799513-360x271.jpg 360w\" sizes=\"auto, (max-width: 680px) 100vw, 680px\" \/><p id=\"caption-attachment-164484\" class=\"wp-caption-text\">A elegante Delba Duarte Netto festejou niver em grande estilo, mesmo no isolamento<\/p><\/div>\n<div id=\"attachment_164485\" style=\"width: 690px\" class=\"wp-caption aligncenter\"><img loading=\"lazy\" decoding=\"async\" aria-describedby=\"caption-attachment-164485\" class=\"wp-image-164485\" src=\"https:\/\/diarioregionaldigital.com.br\/wp-content\/uploads\/2020\/07\/fotod-7-e1594700843236.jpg\" alt=\"\" width=\"680\" height=\"500\" srcset=\"https:\/\/diarioregionaldigital.com.br\/wp-content\/uploads\/2020\/07\/fotod-7-e1594700843236.jpg 825w, https:\/\/diarioregionaldigital.com.br\/wp-content\/uploads\/2020\/07\/fotod-7-e1594700843236-300x221.jpg 300w, https:\/\/diarioregionaldigital.com.br\/wp-content\/uploads\/2020\/07\/fotod-7-e1594700843236-768x565.jpg 768w, https:\/\/diarioregionaldigital.com.br\/wp-content\/uploads\/2020\/07\/fotod-7-e1594700843236-360x265.jpg 360w\" sizes=\"auto, (max-width: 680px) 100vw, 680px\" \/><p id=\"caption-attachment-164485\" class=\"wp-caption-text\">Os modelos Victor Maia e Emilainy Werneck, lindos curtindo a natureza<\/p><\/div>\n<div id=\"attachment_164486\" style=\"width: 690px\" class=\"wp-caption aligncenter\"><img loading=\"lazy\" decoding=\"async\" aria-describedby=\"caption-attachment-164486\" class=\"wp-image-164486\" src=\"https:\/\/diarioregionaldigital.com.br\/wp-content\/uploads\/2020\/07\/fotoe-5-e1594700872585.jpg\" alt=\"\" width=\"680\" height=\"519\" srcset=\"https:\/\/diarioregionaldigital.com.br\/wp-content\/uploads\/2020\/07\/fotoe-5-e1594700872585.jpg 720w, https:\/\/diarioregionaldigital.com.br\/wp-content\/uploads\/2020\/07\/fotoe-5-e1594700872585-300x229.jpg 300w, https:\/\/diarioregionaldigital.com.br\/wp-content\/uploads\/2020\/07\/fotoe-5-e1594700872585-360x275.jpg 360w\" sizes=\"auto, (max-width: 680px) 100vw, 680px\" \/><p id=\"caption-attachment-164486\" class=\"wp-caption-text\">Em cena amigos para sempre, Fabinho Esteves e Erika Beire<\/p><\/div>\n<div id=\"attachment_164487\" style=\"width: 690px\" class=\"wp-caption aligncenter\"><img loading=\"lazy\" decoding=\"async\" aria-describedby=\"caption-attachment-164487\" class=\"wp-image-164487\" src=\"https:\/\/diarioregionaldigital.com.br\/wp-content\/uploads\/2020\/07\/fotof-6-e1594701015549.jpg\" alt=\"\" width=\"680\" height=\"503\" srcset=\"https:\/\/diarioregionaldigital.com.br\/wp-content\/uploads\/2020\/07\/fotof-6-e1594701015549.jpg 688w, https:\/\/diarioregionaldigital.com.br\/wp-content\/uploads\/2020\/07\/fotof-6-e1594701015549-300x222.jpg 300w, https:\/\/diarioregionaldigital.com.br\/wp-content\/uploads\/2020\/07\/fotof-6-e1594701015549-360x266.jpg 360w\" sizes=\"auto, (max-width: 680px) 100vw, 680px\" \/><p id=\"caption-attachment-164487\" class=\"wp-caption-text\">Curtindo o inverno em 2019 sem pandemia, Miriam Neder e Nelson Rezende de Barros<\/p><\/div>\n<div id=\"attachment_164481\" style=\"width: 690px\" class=\"wp-caption aligncenter\"><img loading=\"lazy\" decoding=\"async\" aria-describedby=\"caption-attachment-164481\" class=\"wp-image-164481\" src=\"https:\/\/diarioregionaldigital.com.br\/wp-content\/uploads\/2020\/07\/fotoaa-4-e1594700696796.jpeg\" alt=\"\" width=\"680\" height=\"509\" srcset=\"https:\/\/diarioregionaldigital.com.br\/wp-content\/uploads\/2020\/07\/fotoaa-4-e1594700696796.jpeg 764w, https:\/\/diarioregionaldigital.com.br\/wp-content\/uploads\/2020\/07\/fotoaa-4-e1594700696796-300x225.jpeg 300w, https:\/\/diarioregionaldigital.com.br\/wp-content\/uploads\/2020\/07\/fotoaa-4-e1594700696796-360x270.jpeg 360w\" sizes=\"auto, (max-width: 680px) 100vw, 680px\" \/><p id=\"caption-attachment-164481\" class=\"wp-caption-text\">No fino coquetel realizado no Centro Se Ame Est\u00e9tica (Rio), os queridos, Carla Beatriz, Jeycow Ferraz, Gleise \u00e9 Fl\u00e1via Lyra<\/p><\/div>\n<div id=\"attachment_164488\" style=\"width: 690px\" class=\"wp-caption aligncenter\"><img loading=\"lazy\" decoding=\"async\" aria-describedby=\"caption-attachment-164488\" class=\"wp-image-164488\" src=\"https:\/\/diarioregionaldigital.com.br\/wp-content\/uploads\/2020\/07\/fotog-6-e1594701060466.jpg\" alt=\"\" width=\"680\" height=\"469\" srcset=\"https:\/\/diarioregionaldigital.com.br\/wp-content\/uploads\/2020\/07\/fotog-6-e1594701060466.jpg 1797w, https:\/\/diarioregionaldigital.com.br\/wp-content\/uploads\/2020\/07\/fotog-6-e1594701060466-300x207.jpg 300w, https:\/\/diarioregionaldigital.com.br\/wp-content\/uploads\/2020\/07\/fotog-6-e1594701060466-1024x706.jpg 1024w, https:\/\/diarioregionaldigital.com.br\/wp-content\/uploads\/2020\/07\/fotog-6-e1594701060466-768x530.jpg 768w, https:\/\/diarioregionaldigital.com.br\/wp-content\/uploads\/2020\/07\/fotog-6-e1594701060466-1536x1059.jpg 1536w, https:\/\/diarioregionaldigital.com.br\/wp-content\/uploads\/2020\/07\/fotog-6-e1594701060466-360x248.jpg 360w, https:\/\/diarioregionaldigital.com.br\/wp-content\/uploads\/2020\/07\/fotog-6-e1594701060466-100x70.jpg 100w\" sizes=\"auto, (max-width: 680px) 100vw, 680px\" \/><p id=\"caption-attachment-164488\" class=\"wp-caption-text\">Mulheres empreendedoras no Victory Hot\u00e9is antes da pandemia, a doceira Rose Tortoriello, Ana Novelino e Annaelize Fritz Machado<\/p><\/div>\n<div id=\"attachment_164489\" style=\"width: 690px\" class=\"wp-caption aligncenter\"><img loading=\"lazy\" decoding=\"async\" aria-describedby=\"caption-attachment-164489\" class=\"wp-image-164489\" src=\"https:\/\/diarioregionaldigital.com.br\/wp-content\/uploads\/2020\/07\/fotoh-7-e1594701198653.jpg\" alt=\"\" width=\"680\" height=\"497\" srcset=\"https:\/\/diarioregionaldigital.com.br\/wp-content\/uploads\/2020\/07\/fotoh-7-e1594701198653.jpg 945w, https:\/\/diarioregionaldigital.com.br\/wp-content\/uploads\/2020\/07\/fotoh-7-e1594701198653-300x219.jpg 300w, https:\/\/diarioregionaldigital.com.br\/wp-content\/uploads\/2020\/07\/fotoh-7-e1594701198653-768x562.jpg 768w, https:\/\/diarioregionaldigital.com.br\/wp-content\/uploads\/2020\/07\/fotoh-7-e1594701198653-360x263.jpg 360w\" sizes=\"auto, (max-width: 680px) 100vw, 680px\" \/><p id=\"caption-attachment-164489\" class=\"wp-caption-text\">Trinca de campe\u00f5es no Bar do Futrica: Al\u00edpio Padilha, Paulo C\u00e9sar Falce e Sidney Vieira<\/p><\/div>\n<p style=\"text-align: center;\"><strong>FOTOSS\u00cdNTESE<\/strong><\/p>\n<p>Vai bombar no dia 25 de julho, \u00e0s 17h, a Live \u201cTotalmente Sandra Portella\u201d, com participa\u00e7\u00e3o de Gilsinho da Concei\u00e7\u00e3o e Toninho Geraes \u00e1s 17h, pelo YouTube.<\/p>\n<p>Para o feriado de 05 a 07 de setembro, o Hotel Green Hill preparou um especial pacote para o h\u00f3spede curtir a natureza tranquilidade e conforto junto de quem voc\u00ea ama. Com conformidade com a Organiza\u00e7\u00e3o Mundial de Sa\u00fade (OMS), com pagamento em 12x sem juros no cart\u00e3o de cr\u00e9dito. Reservas: (32)3236-4000.<\/p>\n<p>Com qualidade e card\u00e1pio variado, a Arteria faz sucesso com almo\u00e7o delicioso entregue em casa com bebidas tamb\u00e9m. Para pedir no hor\u00e1rio de 11h \u00e0s 15, o fone: 3026-4464 ou no Ifood e Robin Hood.<\/p>\n<p>Correio elegante: abra\u00e7os para Fabiano Moreira, Wanda Magnolo, Z\u00e9 Kodak, Verinha Ludof, Paulo Falce e Vera Hotz Marangon, Daniel Silva, Ormiza Delmonte e Fernando Cruz.<\/p>\n<p>Em boa hora o JF Sudeste doou mais de 170 cestas b\u00e1sicas em ritmo de solidariedade. Foram beneficiadas as entidades: Sopa dos Pobres, Instituto Bruno, Associa\u00e7\u00e3o Esp\u00edrita Paz e Amor, Casa S\u00e3o Camilo de L\u00e9lis e Sociedade Beneficente M\u00e3o Amigo.<\/p>\n<p>Causou impacto no Zoon o tema \u201cMarketing no mundo p\u00f3s-pandemia-desafios e oportunidades do novo normal\u201d, desenvolvido por Ot\u00e1vio S\u00e1. Aplausos.<\/p>\n<p>Se houver Carnaval em 2021, o Bloco do Coronav\u00edrus promete pegar todo mundo.<\/p>\n<p>Para anotar: \u201cTend\u00eancia boa \u00e9 aquela que fica bem em voc\u00ea\u201d. Bom dia.<\/p>\n<p><img loading=\"lazy\" decoding=\"async\" class=\"aligncenter size-full wp-image-164498\" src=\"https:\/\/diarioregionaldigital.com.br\/wp-content\/uploads\/2020\/07\/anuncio23-scaled.jpg\" alt=\"\" width=\"2560\" height=\"983\" srcset=\"https:\/\/diarioregionaldigital.com.br\/wp-content\/uploads\/2020\/07\/anuncio23-scaled.jpg 2560w, https:\/\/diarioregionaldigital.com.br\/wp-content\/uploads\/2020\/07\/anuncio23-300x115.jpg 300w, https:\/\/diarioregionaldigital.com.br\/wp-content\/uploads\/2020\/07\/anuncio23-1024x393.jpg 1024w, https:\/\/diarioregionaldigital.com.br\/wp-content\/uploads\/2020\/07\/anuncio23-768x295.jpg 768w, https:\/\/diarioregionaldigital.com.br\/wp-content\/uploads\/2020\/07\/anuncio23-1536x590.jpg 1536w, https:\/\/diarioregionaldigital.com.br\/wp-content\/uploads\/2020\/07\/anuncio23-2048x787.jpg 2048w, https:\/\/diarioregionaldigital.com.br\/wp-content\/uploads\/2020\/07\/anuncio23-360x138.jpg 360w\" sizes=\"auto, (max-width: 2560px) 100vw, 2560px\" \/><\/p>\n","protected":false},"excerpt":{"rendered":"<p>Olha S\u00f3 Com seu sorriso franco e alto astral, a estimada Gilmara Delmonte, a Miloca de Doutores do Amor trouxe novidade para a quarentena. Com a suspens\u00e3o das visitas aos hospitais, cl\u00ednicas e abrigos, o grupo est\u00e1 escrevendo cartas com desenhos para os pacientes. Pedra Preciosa Linda de viver, a designer de J\u00f3ias Ana Khouri [&hellip;]<\/p>\n","protected":false},"author":96,"featured_media":164480,"comment_status":"closed","ping_status":"closed","sticky":false,"template":"","format":"standard","meta":{"footnotes":""},"categories":[264],"tags":[],"class_list":["post-164497","post","type-post","status-publish","format-standard","has-post-thumbnail","hentry","category-eduardo-gomes"],"_links":{"self":[{"href":"https:\/\/diarioregionaldigital.com.br\/index.php?rest_route=\/wp\/v2\/posts\/164497","targetHints":{"allow":["GET"]}}],"collection":[{"href":"https:\/\/diarioregionaldigital.com.br\/index.php?rest_route=\/wp\/v2\/posts"}],"about":[{"href":"https:\/\/diarioregionaldigital.com.br\/index.php?rest_route=\/wp\/v2\/types\/post"}],"author":[{"embeddable":true,"href":"https:\/\/diarioregionaldigital.com.br\/index.php?rest_route=\/wp\/v2\/users\/96"}],"replies":[{"embeddable":true,"href":"https:\/\/diarioregionaldigital.com.br\/index.php?rest_route=%2Fwp%2Fv2%2Fcomments&post=164497"}],"version-history":[{"count":0,"href":"https:\/\/diarioregionaldigital.com.br\/index.php?rest_route=\/wp\/v2\/posts\/164497\/revisions"}],"wp:featuredmedia":[{"embeddable":true,"href":"https:\/\/diarioregionaldigital.com.br\/index.php?rest_route=\/wp\/v2\/media\/164480"}],"wp:attachment":[{"href":"https:\/\/diarioregionaldigital.com.br\/index.php?rest_route=%2Fwp%2Fv2%2Fmedia&parent=164497"}],"wp:term":[{"taxonomy":"category","embeddable":true,"href":"https:\/\/diarioregionaldigital.com.br\/index.php?rest_route=%2Fwp%2Fv2%2Fcategories&post=164497"},{"taxonomy":"post_tag","embeddable":true,"href":"https:\/\/diarioregionaldigital.com.br\/index.php?rest_route=%2Fwp%2Fv2%2Ftags&post=164497"}],"curies":[{"name":"wp","href":"https:\/\/api.w.org\/{rel}","templated":true}]}}