{"id":164494,"date":"2020-07-13T21:17:36","date_gmt":"2020-07-14T00:17:36","guid":{"rendered":"https:\/\/diarioregionaldigital.com.br\/?p=164494"},"modified":"2020-07-13T21:17:36","modified_gmt":"2020-07-14T00:17:36","slug":"covid-19-brasil-chega-a-728-mil-obitos-e-188-milhao-de-casos","status":"publish","type":"post","link":"https:\/\/diarioregionaldigital.com.br\/?p=164494","title":{"rendered":"Covid-19: Brasil chega a 72,8 mil \u00f3bitos e 1,88 milh\u00e3o de casos"},"content":{"rendered":"<p>Com 733 novas mortes por covid-19 registradas nas \u00faltimas 24 horas,\u00a0o Brasil chegou ao total de\u00a072.833 \u00f3bitos\u00a0em fun\u00e7\u00e3o do novo coronav\u00edrus. A atualiza\u00e7\u00e3o di\u00e1ria foi divulgada pelo Minist\u00e9rio da Sa\u00fade no in\u00edcio da noite desta\u00a0<span id=\"OBJ_PREFIX_DWT1763_com_zimbra_date\" role=\"link\">segunda<\/span>-feira (13). O n\u00famero de casos confirmados desde o in\u00edcio da pandemia chegou a 1.884.967. O sistema do Minist\u00e9rio da Sa\u00fade\u00a0contabilizou 20.286 novos casos desde o balan\u00e7o de\u00a0<span id=\"OBJ_PREFIX_DWT1765_com_zimbra_date\" role=\"link\">ontem (12)<\/span>.<img decoding=\"async\" src=\"https:\/\/agenciabrasil.ebc.com.br\/ebc.png?id=1311463&amp;o=node\" \/><\/p>\n<p>De acordo com o boletim do minist\u00e9rio, 657.297 pessoas est\u00e3o em acompanhamento e\u00a01.154.837 se recuperaram da doen\u00e7a. H\u00e1 ainda 4.011 mortes em investiga\u00e7\u00e3o.<\/p>\n<p>O aumento foi de 1%, tanto do n\u00famero de mortes quanto do n\u00famero de casos confirmados da doen\u00e7a se comparado com os dados de ontem (12). Mas na \u00faltima semana, o n\u00famero de mortes cresceu\u00a011,2%\u00a0 e o n\u00famero de casos confirmados, 16,1%.<\/p>\n<p>Aos s\u00e1bados, domingos e segundas-feiras, o n\u00famero registrado di\u00e1rio tende a ser menor pela dificuldade de alimenta\u00e7\u00e3o dos bancos de dados pelas secretarias municipais e estaduais. J\u00e1 \u00e0s\u00a0<span id=\"OBJ_PREFIX_DWT1767_com_zimbra_date\" role=\"link\">ter<\/span>\u00e7as-feiras, o quantitativo em geral \u00e9 maior pela atualiza\u00e7\u00e3o dos caso acumulados aos fins de semana.<\/p>\n<p>A taxa de letalidade (n\u00famero de mortes pelo total de casos) ficou em 3,9%. A mortalidade (quantidade de \u00f3bitos por 100 mil habitantes) atingiu 34,7. A incid\u00eancia dos casos de covid-19 por 100 mil habitantes \u00e9 de 897.<\/p>\n<p><strong>Covid-19 pelo Brasil<\/strong><\/p>\n<p>Os estados com mais mortes s\u00e3o: S\u00e3o Paulo (17.907), Rio<span id=\"OBJ_PREFIX_DWT1768_com_zimbra_date\" role=\"link\">\u00a0de Janeiro<\/span>\u00a0(11.474), Cear\u00e1 (6.947), Pernambuco (5.652) e Par\u00e1 (5.293). As Unidades da Federa\u00e7\u00e3o com menos falecimentos pela pandemia s\u00e3o: Mato Grosso do Sul (167), Tocantins (259), Roraima (397), Acre (430) e Amap\u00e1 (478).<\/p>\n<p>Os estados com mais casos confirmados desde o in\u00edcio da pandemia s\u00e3o: S\u00e3o Paulo (374.607), Cear\u00e1 (137.206), Rio<span id=\"OBJ_PREFIX_DWT1769_com_zimbra_date\" role=\"link\">\u00a0de Janeiro<\/span>\u00a0(132.044), Par\u00e1 (126.509) e Bahia (106.891). As Unidades da Federa\u00e7\u00e3o com menos pessoas infectadas registradas s\u00e3o: Mato Grosso do Sul (13.461), Tocantins (15.307), Acre (16.260), Roraima (22.627) e Rond\u00f4nia (27.050).<\/p>\n<p><strong>Fonte:\u00a0<\/strong>Ag\u00eancia Brasil<\/p>\n","protected":false},"excerpt":{"rendered":"<p>Com 733 novas mortes por covid-19 registradas nas \u00faltimas 24 horas,\u00a0o Brasil chegou ao total de\u00a072.833 \u00f3bitos\u00a0em fun\u00e7\u00e3o do novo coronav\u00edrus. A atualiza\u00e7\u00e3o di\u00e1ria foi divulgada pelo Minist\u00e9rio da Sa\u00fade no in\u00edcio da noite desta\u00a0segunda-feira (13). O n\u00famero de casos confirmados desde o in\u00edcio da pandemia chegou a 1.884.967. O sistema do Minist\u00e9rio da Sa\u00fade\u00a0contabilizou [&hellip;]<\/p>\n","protected":false},"author":96,"featured_media":164495,"comment_status":"closed","ping_status":"closed","sticky":false,"template":"","format":"standard","meta":{"footnotes":""},"categories":[302,436,440,439],"tags":[],"class_list":["post-164494","post","type-post","status-publish","format-standard","has-post-thumbnail","hentry","category-brasil-mundo","category-destaque-da-semana","category-destaques-do-dia","category-ultima-hora"],"_links":{"self":[{"href":"https:\/\/diarioregionaldigital.com.br\/index.php?rest_route=\/wp\/v2\/posts\/164494","targetHints":{"allow":["GET"]}}],"collection":[{"href":"https:\/\/diarioregionaldigital.com.br\/index.php?rest_route=\/wp\/v2\/posts"}],"about":[{"href":"https:\/\/diarioregionaldigital.com.br\/index.php?rest_route=\/wp\/v2\/types\/post"}],"author":[{"embeddable":true,"href":"https:\/\/diarioregionaldigital.com.br\/index.php?rest_route=\/wp\/v2\/users\/96"}],"replies":[{"embeddable":true,"href":"https:\/\/diarioregionaldigital.com.br\/index.php?rest_route=%2Fwp%2Fv2%2Fcomments&post=164494"}],"version-history":[{"count":0,"href":"https:\/\/diarioregionaldigital.com.br\/index.php?rest_route=\/wp\/v2\/posts\/164494\/revisions"}],"wp:featuredmedia":[{"embeddable":true,"href":"https:\/\/diarioregionaldigital.com.br\/index.php?rest_route=\/wp\/v2\/media\/164495"}],"wp:attachment":[{"href":"https:\/\/diarioregionaldigital.com.br\/index.php?rest_route=%2Fwp%2Fv2%2Fmedia&parent=164494"}],"wp:term":[{"taxonomy":"category","embeddable":true,"href":"https:\/\/diarioregionaldigital.com.br\/index.php?rest_route=%2Fwp%2Fv2%2Fcategories&post=164494"},{"taxonomy":"post_tag","embeddable":true,"href":"https:\/\/diarioregionaldigital.com.br\/index.php?rest_route=%2Fwp%2Fv2%2Ftags&post=164494"}],"curies":[{"name":"wp","href":"https:\/\/api.w.org\/{rel}","templated":true}]}}