{"id":164474,"date":"2020-07-13T18:47:00","date_gmt":"2020-07-13T21:47:00","guid":{"rendered":"https:\/\/diarioregionaldigital.com.br\/?p=164474"},"modified":"2020-07-13T18:47:00","modified_gmt":"2020-07-13T21:47:00","slug":"tjmg-mantem-resolucao-sobre-uso-do-expominas-pelo-estado","status":"publish","type":"post","link":"https:\/\/diarioregionaldigital.com.br\/?p=164474","title":{"rendered":"TJMG mant\u00e9m resolu\u00e7\u00e3o sobre uso do Expominas pelo Estado"},"content":{"rendered":"<p>O Tribunal de Justi\u00e7a de Minas Gerais (TJMG) indeferiu pedido de liminar da empresa Nutribom Empreendimentos Imobili\u00e1rios Ltda. que pleiteava anular resolu\u00e7\u00e3o do\u00a0Governo do Estado\u00a0sobre o uso do Expominas. Por meio da Resolu\u00e7\u00e3o Conjunta n\u00ba10.197\/2020, o governo estadual havia requisitado, em car\u00e1ter emergencial, a posse do espa\u00e7o para abrigar o Hospital de Campanha enquanto durar a pandemia e a demanda por atendimento \u00e0s v\u00edtimas da covid-19.<\/p>\n<p>No entendimento do desembargador Jair Var\u00e3o, \u201co atual momento da Sa\u00fade do Estado de Minas Gerais frente \u00e0 decreta\u00e7\u00e3o de calamidade p\u00fablica e aumento exponencial dos casos de covid-19 n\u00e3o podem ser desconsiderados\u201d. O magistrado considerou, tamb\u00e9m, que n\u00e3o foi comprovada real urg\u00eancia e relev\u00e2ncia na retomada de atividades do grupo comercial.<\/p>\n<p>Cabe esclarece que a medida administrativa para retomar a posse da \u00e1rea do Expominas, pelo Estado, \u00e9 tempor\u00e1ria e foi tomada em fun\u00e7\u00e3o da emerg\u00eancia em sa\u00fade p\u00fablica. Antes da resolu\u00e7\u00e3o, o espa\u00e7o j\u00e1 n\u00e3o vinha sendo utilizado, tendo em vista a suspens\u00e3o municipal de shows e eventos no per\u00edodo da pandemia.<\/p>\n<p><strong>Fonte:\u00a0<\/strong>Ag\u00eancia Minas<\/p>\n","protected":false},"excerpt":{"rendered":"<p>O Tribunal de Justi\u00e7a de Minas Gerais (TJMG) indeferiu pedido de liminar da empresa Nutribom Empreendimentos Imobili\u00e1rios Ltda. que pleiteava anular resolu\u00e7\u00e3o do\u00a0Governo do Estado\u00a0sobre o uso do Expominas. Por meio da Resolu\u00e7\u00e3o Conjunta n\u00ba10.197\/2020, o governo estadual havia requisitado, em car\u00e1ter emergencial, a posse do espa\u00e7o para abrigar o Hospital de Campanha enquanto durar [&hellip;]<\/p>\n","protected":false},"author":96,"featured_media":164475,"comment_status":"closed","ping_status":"closed","sticky":false,"template":"","format":"standard","meta":{"footnotes":""},"categories":[436,252,439],"tags":[],"class_list":["post-164474","post","type-post","status-publish","format-standard","has-post-thumbnail","hentry","category-destaque-da-semana","category-regiao","category-ultima-hora"],"_links":{"self":[{"href":"https:\/\/diarioregionaldigital.com.br\/index.php?rest_route=\/wp\/v2\/posts\/164474","targetHints":{"allow":["GET"]}}],"collection":[{"href":"https:\/\/diarioregionaldigital.com.br\/index.php?rest_route=\/wp\/v2\/posts"}],"about":[{"href":"https:\/\/diarioregionaldigital.com.br\/index.php?rest_route=\/wp\/v2\/types\/post"}],"author":[{"embeddable":true,"href":"https:\/\/diarioregionaldigital.com.br\/index.php?rest_route=\/wp\/v2\/users\/96"}],"replies":[{"embeddable":true,"href":"https:\/\/diarioregionaldigital.com.br\/index.php?rest_route=%2Fwp%2Fv2%2Fcomments&post=164474"}],"version-history":[{"count":0,"href":"https:\/\/diarioregionaldigital.com.br\/index.php?rest_route=\/wp\/v2\/posts\/164474\/revisions"}],"wp:featuredmedia":[{"embeddable":true,"href":"https:\/\/diarioregionaldigital.com.br\/index.php?rest_route=\/wp\/v2\/media\/164475"}],"wp:attachment":[{"href":"https:\/\/diarioregionaldigital.com.br\/index.php?rest_route=%2Fwp%2Fv2%2Fmedia&parent=164474"}],"wp:term":[{"taxonomy":"category","embeddable":true,"href":"https:\/\/diarioregionaldigital.com.br\/index.php?rest_route=%2Fwp%2Fv2%2Fcategories&post=164474"},{"taxonomy":"post_tag","embeddable":true,"href":"https:\/\/diarioregionaldigital.com.br\/index.php?rest_route=%2Fwp%2Fv2%2Ftags&post=164474"}],"curies":[{"name":"wp","href":"https:\/\/api.w.org\/{rel}","templated":true}]}}