{"id":164470,"date":"2020-07-13T18:23:54","date_gmt":"2020-07-13T21:23:54","guid":{"rendered":"https:\/\/diarioregionaldigital.com.br\/?p=164470"},"modified":"2020-07-13T18:23:54","modified_gmt":"2020-07-13T21:23:54","slug":"covid-19-juiz-de-fora-tem-mais-de-80-mortes-confirmadas","status":"publish","type":"post","link":"https:\/\/diarioregionaldigital.com.br\/?p=164470","title":{"rendered":"Covid-19: Juiz de Fora tem mais de 80 mortes confirmadas"},"content":{"rendered":"<p><span style=\"font-weight: 400;\">A Secretaria de Sa\u00fade (SS) da Prefeitura de Juiz de Fora (PJF), registrou em boletim epidemiol\u00f3gico divulgado nesta segunda-feira (13), mais 38 novos casos de Coronav\u00edrus, totalizando 2.654. Foram registrados mais quatro mortes, totalizando 83 e casos suspeitos chegam a 9.841.<\/span><\/p>\n<p><b>\u00d3bitos:<\/b><\/p>\n<p><span style=\"font-weight: 400;\">Homem, de 56 anos, morreu nesse domingo, 12. Comorbidades: Doen\u00e7a Cardiovascular Cr\u00f4nica (DCC), obesidade;<\/span><\/p>\n<p><span style=\"font-weight: 400;\">Homem, de 55 anos, morreu na \u00faltima sexta, 10. Sem comorbidades relatadas;<\/span><\/p>\n<p><span style=\"font-weight: 400;\">Idoso, de 66 anos, morreu nesse domingo, 12. Comorbidades: Doen\u00e7a Cardiovascular Cr\u00f4nica (DCC) e c\u00e2ncer de pr\u00f3stata;<\/span><\/p>\n<p><span style=\"font-weight: 400;\">Idosa, de 77 anos, morreu nesta segunda-feira, 13. Comorbidade: Doen\u00e7a Cardiovascular Cr\u00f4nica (DCC).<\/span><\/p>\n<p><b>Condol\u00eancias<\/b><\/p>\n<p><span style=\"font-weight: 400;\">A PJF prestou condol\u00eancias aos familiares dos servidores da Secretaria de Sa\u00fade, os quais morreram no enfrentamento ao Coronav\u00edrus. Desde o in\u00edcio da pandemia, o Departamento de Vigil\u00e2ncia Epidemiol\u00f3gica e Ambiental registrou duas mortes profissionais de sa\u00fade ligados a PJF, sendo um desses terceirizado.<\/span><\/p>\n<p><span style=\"font-weight: 400;\">Seguindo a legisla\u00e7\u00e3o vigente, com base no artigo 322 da Portaria de Consolida\u00e7\u00e3o n\u00ba 5 de 28 de setembro de 2017, que consolida as normas sobre as a\u00e7\u00f5es e os servi\u00e7os de sa\u00fade do Sistema \u00danico de Sa\u00fade, a Secretaria de Sa\u00fade (SS) n\u00e3o tem autoriza\u00e7\u00e3o para divulgar e\/ou confirmar a identidade das v\u00edtimas. <\/span><\/p>\n","protected":false},"excerpt":{"rendered":"<p>A Secretaria de Sa\u00fade (SS) da Prefeitura de Juiz de Fora (PJF), registrou em boletim epidemiol\u00f3gico divulgado nesta segunda-feira (13), mais 38 novos casos de Coronav\u00edrus, totalizando 2.654. Foram registrados mais quatro mortes, totalizando 83 e casos suspeitos chegam a 9.841. \u00d3bitos: Homem, de 56 anos, morreu nesse domingo, 12. Comorbidades: Doen\u00e7a Cardiovascular Cr\u00f4nica (DCC), [&hellip;]<\/p>\n","protected":false},"author":96,"featured_media":164472,"comment_status":"closed","ping_status":"closed","sticky":false,"template":"","format":"standard","meta":{"footnotes":""},"categories":[253,436,440,439],"tags":[],"class_list":["post-164470","post","type-post","status-publish","format-standard","has-post-thumbnail","hentry","category-cidade","category-destaque-da-semana","category-destaques-do-dia","category-ultima-hora"],"_links":{"self":[{"href":"https:\/\/diarioregionaldigital.com.br\/index.php?rest_route=\/wp\/v2\/posts\/164470","targetHints":{"allow":["GET"]}}],"collection":[{"href":"https:\/\/diarioregionaldigital.com.br\/index.php?rest_route=\/wp\/v2\/posts"}],"about":[{"href":"https:\/\/diarioregionaldigital.com.br\/index.php?rest_route=\/wp\/v2\/types\/post"}],"author":[{"embeddable":true,"href":"https:\/\/diarioregionaldigital.com.br\/index.php?rest_route=\/wp\/v2\/users\/96"}],"replies":[{"embeddable":true,"href":"https:\/\/diarioregionaldigital.com.br\/index.php?rest_route=%2Fwp%2Fv2%2Fcomments&post=164470"}],"version-history":[{"count":0,"href":"https:\/\/diarioregionaldigital.com.br\/index.php?rest_route=\/wp\/v2\/posts\/164470\/revisions"}],"wp:featuredmedia":[{"embeddable":true,"href":"https:\/\/diarioregionaldigital.com.br\/index.php?rest_route=\/wp\/v2\/media\/164472"}],"wp:attachment":[{"href":"https:\/\/diarioregionaldigital.com.br\/index.php?rest_route=%2Fwp%2Fv2%2Fmedia&parent=164470"}],"wp:term":[{"taxonomy":"category","embeddable":true,"href":"https:\/\/diarioregionaldigital.com.br\/index.php?rest_route=%2Fwp%2Fv2%2Fcategories&post=164470"},{"taxonomy":"post_tag","embeddable":true,"href":"https:\/\/diarioregionaldigital.com.br\/index.php?rest_route=%2Fwp%2Fv2%2Ftags&post=164470"}],"curies":[{"name":"wp","href":"https:\/\/api.w.org\/{rel}","templated":true}]}}