{"id":164467,"date":"2020-07-13T17:27:22","date_gmt":"2020-07-13T20:27:22","guid":{"rendered":"https:\/\/diarioregionaldigital.com.br\/?p=164467"},"modified":"2020-07-13T17:27:22","modified_gmt":"2020-07-13T20:27:22","slug":"academia-de-ginastica-e-tres-bares-sao-fechados-no-fim-de-semana","status":"publish","type":"post","link":"https:\/\/diarioregionaldigital.com.br\/?p=164467","title":{"rendered":"Academia de gin\u00e1stica e tr\u00eas bares s\u00e3o fechados no fim de semana"},"content":{"rendered":"<p><span style=\"font-weight: 400;\">A for\u00e7a-tarefa montada para fiscaliza\u00e7\u00e3o do cumprimento \u00e0s regras de funcionamento do com\u00e9rcio neste per\u00edodo de pandemia, estabelecidas pelo Decreto Municipal n\u00ba 13.975 e suas altera\u00e7\u00f5es, efetuou quatro interdi\u00e7\u00f5es neste fim de semana. No Bairro Benfica, uma academia de gin\u00e1stica e um bar, que mantinham atividades fora das normas estipuladas, foram interditados. Outros dois bares, nos bairros S\u00e3o Dimas e Santa Luzia, tamb\u00e9m foram flagrados em atendimento, com presen\u00e7a de clientes, e tiveram as portas fechadas. Todos estes estabelecimentos j\u00e1 haviam sido notificados, por n\u00e3o se enquadrarem na lista de atividades econ\u00f4micas contempladas na &#8220;onda verde&#8221; do Plano \u201cMinas Consciente\u201d, do Governo estadual, ao qual Juiz de Fora aderiu em maio. O desrespeito \u00e0 interdi\u00e7\u00e3o pode acarretar multa de, aproximadamente, R$ 48 mil aos propriet\u00e1rios. Al\u00e9m destes, dez estabelecimentos foram notificados e um autuado.<\/span><\/p>\n<p><span style=\"font-weight: 400;\">Mais 16 bairros em toda a cidade estiveram na mira da opera\u00e7\u00e3o, que aconteceu entre quinta-feira, 9, e domingo, 12. Centro, Alto dos Passos, S\u00e3o Mateus, Santa Luzia, Jardim de Al\u00e1, Cascatinha, Grambery, Bairro de Lourdes, Santa Catarina, Paineiras, Nova Era, Filgueiras, Granjas Beth\u00e2nia, Grama, Manoel Hon\u00f3rio e Vitorino Braga foram verificados por fiscais de posturas, guardas municipais e agentes de transporte e tr\u00e2nsito envolvidos na a\u00e7\u00e3o conjunta.<\/span><\/p>\n<p><span style=\"font-weight: 400;\">As equipes ainda registraram notifica\u00e7\u00f5es em diversos com\u00e9rcios. Na noite de quinta-feira, uma padaria no Bairro de Lourdes e o McDonald`s, do Alto dos Passos, foram notificados por irregularidades. A padaria foi orientada a retirar mesas dispon\u00edveis para consumo no local, e a lanchonete devido ao excesso de pessoas no sal\u00e3o, tanto em filas para compra de lanche quanto comendo em mesas da loja. Na sexta-feira, 10, a cena se repetiu no Burguer King, na Avenida Bar\u00e3o do Rio Branco, onde pessoas faziam lanche nas mesas. A unidade foi notificada tamb\u00e9m por permitir a presen\u00e7a de clientes sem m\u00e1scaras no interior do estabelecimento. No domingo, uma padaria, no Granbery, tamb\u00e9m foi registrada pela infra\u00e7\u00e3o. De acordo com o Decreto n\u00ba 13.991, de 26 de junho de 2020, nas lanchonetes e padarias est\u00e1 proibida a modalidade de consumo no local, com utiliza\u00e7\u00e3o de mesas e cadeiras. A medida busca diminuir a perman\u00eancia de pessoas nestes ambientes por mais tempo que o estritamente necess\u00e1rio.<\/span><\/p>\n<p><span style=\"font-weight: 400;\">Mais seis bares foram notificados. Um na noite de sexta-feira, no Bairro Nova Era. Os demais, na noite de s\u00e1bado, 11, sendo dois no Grama, dois em Granjas Bethania e um em Filgueiras. Uma distribuidora de bebidas, no Vitorino Braga, foi autuada por estar atendendo como bar. Al\u00e9m da proibi\u00e7\u00e3o do com\u00e9rcio de bebidas para consumo no local, o dep\u00f3sito n\u00e3o tinha alvar\u00e1 para esta modalidade de servi\u00e7o.<\/span><\/p>\n<p><span style=\"font-weight: 400;\">As a\u00e7\u00f5es conjuntas s\u00e3o realizadas em parceria entre as secretarias de Meio Ambiente e Ordenamento Urbano (Semaur), de Seguran\u00e7a Urbana e Cidadania (Sesuc) e de Transporte e Tr\u00e2nsito (Settra), com objetivo de verificar den\u00fancias recebidas pela central da Guarda Municipal, atrav\u00e9s do telefone 153, bem como pela Semaur, no 3690-7507, e pelo canal da Ouvidoria do Munic\u00edpio, o Fala.BR.<\/span><\/p>\n<p><span style=\"font-weight: 400;\">O empenho acontece, de maneira regular, em resposta \u00e0 demanda da comunidade por a\u00e7\u00f5es sobre estabelecimentos infratores. Toda liga\u00e7\u00e3o feita aos canais de den\u00fancia \u00e9 registrada para atendimento posterior, seguindo ordem de prioridade. A partir do mapeamento dos locais com maior n\u00famero de reclama\u00e7\u00f5es \u00e9 montado planejamento para checagem das den\u00fancias. A equipe de ronda vai at\u00e9 o endere\u00e7o indicado e faz abordagem. Em caso de desconformidade com as normas do decreto, \u00e9 feita notifica\u00e7\u00e3o, para adequa\u00e7\u00e3o. Se for reincidente, o local \u00e9 interditado. No entanto, nem sempre \u00e9 poss\u00edvel encontrar flagrante de irregularidade. V\u00e1rios s\u00e3o os estabelecimentos apontados por funcionamento ilegal, onde a equipe se depara com portas fechadas.<\/span><\/p>\n<p><strong>Fonte:\u00a0<\/strong>Assessoria<\/p>\n","protected":false},"excerpt":{"rendered":"<p>A for\u00e7a-tarefa montada para fiscaliza\u00e7\u00e3o do cumprimento \u00e0s regras de funcionamento do com\u00e9rcio neste per\u00edodo de pandemia, estabelecidas pelo Decreto Municipal n\u00ba 13.975 e suas altera\u00e7\u00f5es, efetuou quatro interdi\u00e7\u00f5es neste fim de semana. No Bairro Benfica, uma academia de gin\u00e1stica e um bar, que mantinham atividades fora das normas estipuladas, foram interditados. Outros dois bares, [&hellip;]<\/p>\n","protected":false},"author":96,"featured_media":164468,"comment_status":"closed","ping_status":"closed","sticky":false,"template":"","format":"standard","meta":{"footnotes":""},"categories":[253,436,440,439],"tags":[],"class_list":["post-164467","post","type-post","status-publish","format-standard","has-post-thumbnail","hentry","category-cidade","category-destaque-da-semana","category-destaques-do-dia","category-ultima-hora"],"_links":{"self":[{"href":"https:\/\/diarioregionaldigital.com.br\/index.php?rest_route=\/wp\/v2\/posts\/164467","targetHints":{"allow":["GET"]}}],"collection":[{"href":"https:\/\/diarioregionaldigital.com.br\/index.php?rest_route=\/wp\/v2\/posts"}],"about":[{"href":"https:\/\/diarioregionaldigital.com.br\/index.php?rest_route=\/wp\/v2\/types\/post"}],"author":[{"embeddable":true,"href":"https:\/\/diarioregionaldigital.com.br\/index.php?rest_route=\/wp\/v2\/users\/96"}],"replies":[{"embeddable":true,"href":"https:\/\/diarioregionaldigital.com.br\/index.php?rest_route=%2Fwp%2Fv2%2Fcomments&post=164467"}],"version-history":[{"count":0,"href":"https:\/\/diarioregionaldigital.com.br\/index.php?rest_route=\/wp\/v2\/posts\/164467\/revisions"}],"wp:featuredmedia":[{"embeddable":true,"href":"https:\/\/diarioregionaldigital.com.br\/index.php?rest_route=\/wp\/v2\/media\/164468"}],"wp:attachment":[{"href":"https:\/\/diarioregionaldigital.com.br\/index.php?rest_route=%2Fwp%2Fv2%2Fmedia&parent=164467"}],"wp:term":[{"taxonomy":"category","embeddable":true,"href":"https:\/\/diarioregionaldigital.com.br\/index.php?rest_route=%2Fwp%2Fv2%2Fcategories&post=164467"},{"taxonomy":"post_tag","embeddable":true,"href":"https:\/\/diarioregionaldigital.com.br\/index.php?rest_route=%2Fwp%2Fv2%2Ftags&post=164467"}],"curies":[{"name":"wp","href":"https:\/\/api.w.org\/{rel}","templated":true}]}}